{"id":81623,"date":"2025-09-06T22:16:19","date_gmt":"2025-09-07T04:16:19","guid":{"rendered":"https:\/\/lamendigapolitica.com\/?p=81623"},"modified":"2025-09-08T22:20:07","modified_gmt":"2025-09-09T04:20:07","slug":"81623","status":"publish","type":"post","link":"https:\/\/lamendigapolitica.com\/?p=81623","title":{"rendered":"WhatsApp corrige falla que permit\u00eda ciberataques contra usuarios de Apple"},"content":{"rendered":"<p><img loading=\"lazy\" decoding=\"async\" class=\"aligncenter size-full wp-image-81624\" src=\"https:\/\/lamendigapolitica.com\/wp-content\/uploads\/2025\/09\/Captura-de-pantalla-2025-09-08-a-las-22.17.59.png\" alt=\"\" width=\"934\" height=\"641\" srcset=\"https:\/\/lamendigapolitica.com\/wp-content\/uploads\/2025\/09\/Captura-de-pantalla-2025-09-08-a-las-22.17.59.png 934w, https:\/\/lamendigapolitica.com\/wp-content\/uploads\/2025\/09\/Captura-de-pantalla-2025-09-08-a-las-22.17.59-300x206.png 300w, https:\/\/lamendigapolitica.com\/wp-content\/uploads\/2025\/09\/Captura-de-pantalla-2025-09-08-a-las-22.17.59-768x527.png 768w, https:\/\/lamendigapolitica.com\/wp-content\/uploads\/2025\/09\/Captura-de-pantalla-2025-09-08-a-las-22.17.59-555x381.png 555w\" sizes=\"auto, (max-width: 934px) 100vw, 934px\" \/><\/p>\n<p>AP.\u2014 WhatsApp ha corregido una vulnerabilidad de seguridad que permit\u00eda ataques sofisticados contra los dispositivos Apple de \u201cusuarios espec\u00edficos seleccionados\u201d.<\/p>\n<p>La aplicaci\u00f3n de mensajer\u00eda, propiedad de Meta Platforms, dijo en una publicaci\u00f3n de blog que su vulnerabilidad, combinada con un error encontrado en iOS e iPadOS, permit\u00eda que los hackers aprovecharan y robaran informaci\u00f3n de los dispositivos Apple.<!--more--><\/p>\n<p>En una publicaci\u00f3n en X, el investigador del laboratorio de seguridad de Amnist\u00eda Internacional, Donncha \u00d3 Cearbhaill, afirm\u00f3 que la campa\u00f1a maliciosa dur\u00f3 aproximadamente 90 d\u00edas. Se\u00f1al\u00f3 que otras aplicaciones, adem\u00e1s de WhatsApp, tambi\u00e9n podr\u00edan haber sido afectadas.<\/p>\n<p>WhatsApp manifest\u00f3 en un comunicado que menos de 200 usuarios fueron seleccionados como objetivo y que la empresa hab\u00eda notificado a los afectados. Se recomend\u00f3 a todos los usuarios que actualicen su aplicaci\u00f3n a la versi\u00f3n m\u00e1s reciente para solucionar el problema.<\/p>\n<p>Hasta el momento, se desconoce qui\u00e9n, o qu\u00e9 proveedor de software esp\u00eda, est\u00e1 detr\u00e1s de los ataques.<\/p>\n<p>Apple tambi\u00e9n reconoci\u00f3 la vulnerabilidad en sus sistemas y emiti\u00f3 parches para corregir las fallas.<\/p>\n<p>&nbsp;<\/p>\n","protected":false},"excerpt":{"rendered":"<p>AP.\u2014 WhatsApp ha corregido una vulnerabilidad de seguridad que permit\u00eda ataques sofisticados contra los dispositivos Apple de \u201cusuarios espec\u00edficos seleccionados\u201d. La aplicaci\u00f3n de mensajer\u00eda, propiedad de Meta Platforms, dijo en una publicaci\u00f3n de blog que su vulnerabilidad, combinada con un error encontrado en iOS e iPadOS, permit\u00eda que los hackers aprovecharan y robaran informaci\u00f3n de &hellip; <\/p>\n<p><a class=\"more-link btn\" href=\"https:\/\/lamendigapolitica.com\/?p=81623\">Seguir leyendo<\/a><\/p>\n","protected":false},"author":1,"featured_media":0,"comment_status":"open","ping_status":"closed","sticky":false,"template":"","format":"standard","meta":{"footnotes":""},"categories":[41],"tags":[],"class_list":["post-81623","post","type-post","status-publish","format-standard","hentry","category-tecnologia","item-wrap"],"_links":{"self":[{"href":"https:\/\/lamendigapolitica.com\/index.php?rest_route=\/wp\/v2\/posts\/81623","targetHints":{"allow":["GET"]}}],"collection":[{"href":"https:\/\/lamendigapolitica.com\/index.php?rest_route=\/wp\/v2\/posts"}],"about":[{"href":"https:\/\/lamendigapolitica.com\/index.php?rest_route=\/wp\/v2\/types\/post"}],"author":[{"embeddable":true,"href":"https:\/\/lamendigapolitica.com\/index.php?rest_route=\/wp\/v2\/users\/1"}],"replies":[{"embeddable":true,"href":"https:\/\/lamendigapolitica.com\/index.php?rest_route=%2Fwp%2Fv2%2Fcomments&post=81623"}],"version-history":[{"count":2,"href":"https:\/\/lamendigapolitica.com\/index.php?rest_route=\/wp\/v2\/posts\/81623\/revisions"}],"predecessor-version":[{"id":81626,"href":"https:\/\/lamendigapolitica.com\/index.php?rest_route=\/wp\/v2\/posts\/81623\/revisions\/81626"}],"wp:attachment":[{"href":"https:\/\/lamendigapolitica.com\/index.php?rest_route=%2Fwp%2Fv2%2Fmedia&parent=81623"}],"wp:term":[{"taxonomy":"category","embeddable":true,"href":"https:\/\/lamendigapolitica.com\/index.php?rest_route=%2Fwp%2Fv2%2Fcategories&post=81623"},{"taxonomy":"post_tag","embeddable":true,"href":"https:\/\/lamendigapolitica.com\/index.php?rest_route=%2Fwp%2Fv2%2Ftags&post=81623"}],"curies":[{"name":"wp","href":"https:\/\/api.w.org\/{rel}","templated":true}]}}