{"id":81614,"date":"2025-09-05T17:33:14","date_gmt":"2025-09-05T23:33:14","guid":{"rendered":"https:\/\/lamendigapolitica.com\/?p=81614"},"modified":"2025-09-07T17:34:28","modified_gmt":"2025-09-07T23:34:28","slug":"infonavit-y-tlajo-listos-para-rescatar-hasta-mil-viviendas-este-ano","status":"publish","type":"post","link":"https:\/\/lamendigapolitica.com\/?p=81614","title":{"rendered":"Infonavit y Tlajo listos para rescatar hasta mil viviendas este a\u00f1o"},"content":{"rendered":"<p><img loading=\"lazy\" decoding=\"async\" class=\"aligncenter size-full wp-image-81615\" src=\"https:\/\/lamendigapolitica.com\/wp-content\/uploads\/2025\/09\/1.jpeg\" alt=\"\" width=\"590\" height=\"332\" srcset=\"https:\/\/lamendigapolitica.com\/wp-content\/uploads\/2025\/09\/1.jpeg 590w, https:\/\/lamendigapolitica.com\/wp-content\/uploads\/2025\/09\/1-300x169.jpeg 300w, https:\/\/lamendigapolitica.com\/wp-content\/uploads\/2025\/09\/1-555x312.jpeg 555w\" sizes=\"auto, (max-width: 590px) 100vw, 590px\" \/><\/p>\n<p>Representantes del instituto de la vivienda visitar\u00e1n en los pr\u00f3ximos d\u00edas los pol\u00edgonos habitacionales del municipio<\/p>\n<p>El presidente municipal de Tlajomulco, Gerardo Quirino Vel\u00e1zquez Ch\u00e1vez, sostuvo este jueves una reuni\u00f3n en el Infonavit donde se traz\u00f3 una ruta muy clara para arrancar el plan de recuperaci\u00f3n de vivienda a corto plazo.<\/p>\n<p>Las condiciones est\u00e1n dadas para la recuperaci\u00f3n de entre 800 y mil viviendas en el municipio en este 2025. Adem\u00e1s, adelant\u00f3 que la pr\u00f3xima semana se llevar\u00e1 a cabo una nueva reuni\u00f3n, esta vez en Tlajomulco, con representantes del Infonavit, quienes acudir\u00e1n directamente a los pol\u00edgonos habitacionales donde podr\u00eda comenzar la implementaci\u00f3n del plan.<\/p>\n<p>El alcalde reiter\u00f3: \u201cMiren, estamos saliendo aqu\u00ed del Infonavit, muy contentos, una reuni\u00f3n muy productiva que nos hace concluir que quien persevera, alcanza. Ya pudimos aterrizar con ellos este plan, que lo tienen muy bien en el radar y que empata con la estrategia que el propio Infonavit ya contempla para el cierre de este a\u00f1o. Con el esfuerzo de todos, con el apoyo del gobernador Pablo Lemus, con el esfuerzo del municipio, con el apoyo del gobierno federal y de la presidenta Claudia Sheinbaum, estoy seguro de que este a\u00f1o vamos a poder recuperar de 800 a mil viviendas\u201d.<\/p>\n<p>&nbsp;<\/p>\n<p>Gerardo Quirino destac\u00f3 que este primer paso permitir\u00e1 afinar un modelo que, a partir de 2026, podr\u00eda ampliar de manera considerable la recuperaci\u00f3n de casas, con el objetivo de que Tlajomulco se convierta en un referente nacional en pol\u00edticas p\u00fablicas para la recuperaci\u00f3n habitacional.<\/p>\n<p>&nbsp;<\/p>\n<p>En la reuni\u00f3n en la capital del pa\u00eds participaron, por parte del gobierno estatal y municipal: Ren\u00e9 Caro, coordinador general de Gesti\u00f3n del Territorio; Guillermo Medrano Barba, titular del Instituto Jalisciense de la Vivienda (IJALVI); y Javier Curiel Due\u00f1as, Oficial Mayor de Tlajomulco.<\/p>\n<p>&nbsp;<\/p>\n<p>Por parte del Infonavit estuvieron presentes Gerardo Uriel Tufi\u00f1o Sandoval, coordinador general de Cobranza Judicial; Aldo Michel Clares Ju\u00e1rez, coordinador de Regeneraci\u00f3n de Vivienda; Dar\u00edo Aceves, gerente de Reinserci\u00f3n de Vivienda; y Francisco Hern\u00e1ndez, de la Direcci\u00f3n de Vivienda.<\/p>\n<p>&nbsp;<\/p>\n<p>El Dato:<\/p>\n<p>&nbsp;<\/p>\n<p>\u2022 Tlajomulco es el municipio con mayor n\u00famero de viviendas abandonadas en M\u00e9xico.<\/p>\n<p>\u2022 El Plan de Recuperaci\u00f3n de Vivienda tiene como meta rescatar hasta 10 mil casas, aprovechando que hoy los pol\u00edgonos habitacionales cuentan con mejores condiciones de habitabilidad gracias a obras estrat\u00e9gicas como la L\u00ednea 4 del Tren Ligero, el nuevo Centro Universitario de la Universidad de Guadalajara, adem\u00e1s de servicios de movilidad y seguridad.<\/p>\n<p>&nbsp;<\/p>\n","protected":false},"excerpt":{"rendered":"<p>Representantes del instituto de la vivienda visitar\u00e1n en los pr\u00f3ximos d\u00edas los pol\u00edgonos habitacionales del municipio El presidente municipal de Tlajomulco, Gerardo Quirino Vel\u00e1zquez Ch\u00e1vez, sostuvo este jueves una reuni\u00f3n en el Infonavit donde se traz\u00f3 una ruta muy clara para arrancar el plan de recuperaci\u00f3n de vivienda a corto plazo. Las condiciones est\u00e1n dadas &hellip; <\/p>\n<p><a class=\"more-link btn\" href=\"https:\/\/lamendigapolitica.com\/?p=81614\">Seguir leyendo<\/a><\/p>\n","protected":false},"author":1,"featured_media":0,"comment_status":"open","ping_status":"closed","sticky":false,"template":"","format":"standard","meta":{"footnotes":""},"categories":[5],"tags":[],"class_list":["post-81614","post","type-post","status-publish","format-standard","hentry","category-partidos","item-wrap"],"_links":{"self":[{"href":"https:\/\/lamendigapolitica.com\/index.php?rest_route=\/wp\/v2\/posts\/81614","targetHints":{"allow":["GET"]}}],"collection":[{"href":"https:\/\/lamendigapolitica.com\/index.php?rest_route=\/wp\/v2\/posts"}],"about":[{"href":"https:\/\/lamendigapolitica.com\/index.php?rest_route=\/wp\/v2\/types\/post"}],"author":[{"embeddable":true,"href":"https:\/\/lamendigapolitica.com\/index.php?rest_route=\/wp\/v2\/users\/1"}],"replies":[{"embeddable":true,"href":"https:\/\/lamendigapolitica.com\/index.php?rest_route=%2Fwp%2Fv2%2Fcomments&post=81614"}],"version-history":[{"count":1,"href":"https:\/\/lamendigapolitica.com\/index.php?rest_route=\/wp\/v2\/posts\/81614\/revisions"}],"predecessor-version":[{"id":81616,"href":"https:\/\/lamendigapolitica.com\/index.php?rest_route=\/wp\/v2\/posts\/81614\/revisions\/81616"}],"wp:attachment":[{"href":"https:\/\/lamendigapolitica.com\/index.php?rest_route=%2Fwp%2Fv2%2Fmedia&parent=81614"}],"wp:term":[{"taxonomy":"category","embeddable":true,"href":"https:\/\/lamendigapolitica.com\/index.php?rest_route=%2Fwp%2Fv2%2Fcategories&post=81614"},{"taxonomy":"post_tag","embeddable":true,"href":"https:\/\/lamendigapolitica.com\/index.php?rest_route=%2Fwp%2Fv2%2Ftags&post=81614"}],"curies":[{"name":"wp","href":"https:\/\/api.w.org\/{rel}","templated":true}]}}