{"id":81609,"date":"2025-09-04T19:35:21","date_gmt":"2025-09-05T01:35:21","guid":{"rendered":"https:\/\/lamendigapolitica.com\/?p=81609"},"modified":"2025-09-04T19:44:27","modified_gmt":"2025-09-05T01:44:27","slug":"especialistas-pronostican-un-mes-de-septiembre-lluvioso-y-con-temperaturas-ligeramente-mas-frescas","status":"publish","type":"post","link":"https:\/\/lamendigapolitica.com\/?p=81609","title":{"rendered":"Especialistas pronostican un mes de septiembre lluvioso y con temperaturas ligeramente m\u00e1s frescas"},"content":{"rendered":"<p><img loading=\"lazy\" decoding=\"async\" class=\"aligncenter size-large wp-image-81610\" src=\"https:\/\/lamendigapolitica.com\/wp-content\/uploads\/2025\/09\/Captura-de-pantalla-2025-09-04-a-las-19.34.23-1024x692.png\" alt=\"\" width=\"555\" height=\"375\" srcset=\"https:\/\/lamendigapolitica.com\/wp-content\/uploads\/2025\/09\/Captura-de-pantalla-2025-09-04-a-las-19.34.23-1024x692.png 1024w, https:\/\/lamendigapolitica.com\/wp-content\/uploads\/2025\/09\/Captura-de-pantalla-2025-09-04-a-las-19.34.23-300x203.png 300w, https:\/\/lamendigapolitica.com\/wp-content\/uploads\/2025\/09\/Captura-de-pantalla-2025-09-04-a-las-19.34.23-768x519.png 768w, https:\/\/lamendigapolitica.com\/wp-content\/uploads\/2025\/09\/Captura-de-pantalla-2025-09-04-a-las-19.34.23-555x375.png 555w, https:\/\/lamendigapolitica.com\/wp-content\/uploads\/2025\/09\/Captura-de-pantalla-2025-09-04-a-las-19.34.23.png 1334w\" sizes=\"auto, (max-width: 555px) 100vw, 555px\" \/><\/p>\n<p>Coinciden en se\u00f1alar que el temporal de lluvias ha sido ben\u00e9volo para Jalisco<\/p>\n<p>El mes de septiembre se mantendr\u00e1 lluvioso y con temperaturas ligeramente m\u00e1s bajas del promedio, especialmente en la zona centro de Jalisco, se\u00f1alaron especialistas del Instituto de Astronom\u00eda y Meteorolog\u00eda (IAM), de la Universidad de Guadalajara (UdeG).<!--more--><\/p>\n<p>En rueda de prensa, el director del IAM, doctor Oscar Blanco Alonso, expres\u00f3 que ha sido un buen temporal, ya que las precipitaciones han estado por arriba de lo normal en la mayor parte del estado, salvo en la costa.<\/p>\n<p>\u201cLos niveles de las presas, en particular en el estado de Jalisco ya est\u00e1n por arriba de los niveles de capacidad, eso significa que el temporal ha sido muy bueno, otros a\u00f1os quedamos con un d\u00e9ficit en la captaci\u00f3n de agua y retenci\u00f3n en las presas. Los niveles de este a\u00f1o permiten asegurar el suministro de agua en la \u00e9poca de estiaje del pr\u00f3ximo a\u00f1o\u201d, apunt\u00f3.<\/p>\n<p>&nbsp;<\/p>\n<p>El doctor Mauricio L\u00f3pez Reyes, meteor\u00f3logo Operativo del IAM coment\u00f3 que el mes de septiembre continuar\u00e1 lluvioso sobre todo del centro y el norte del estado, con excepci\u00f3n de la costa, al menos que se presente alg\u00fan cicl\u00f3n tropical<\/p>\n<p>&nbsp;<\/p>\n<p>\u201cTendremos temperaturas algo m\u00e1s frescas de lo normal, aunque pr\u00e1cticamente va a ser imperceptible porque son 0.2 o 0.5 grados por debajo de lo normal. La temporada de lluvias seguir\u00e1 desarroll\u00e1ndose dentro de los par\u00e1metros normales, hemos tenido una temporada de lluvias abundante en pr\u00e1cticamente todo el centro, al sur, y norte del estado con alg\u00fan d\u00e9ficit hacia la costa y esperamos que estas condiciones de precipitaciones importantes contin\u00faen\u201d, precis\u00f3.<\/p>\n<p>&nbsp;<\/p>\n<p>Record\u00f3 que en los meses de septiembre y octubre se presentan m\u00e1s ciclones tropicales y en cualquiera de sus fases de presi\u00f3n, tormenta tropical o hurac\u00e1n que pasen cerca de la costa, podr\u00edan alterar sustancialmente los acumulados que se tienen previstos.<\/p>\n<p>&nbsp;<\/p>\n<p>\u201cEl pico de actividad cicl\u00f3nica en el pac\u00edfico, en la cuenca en la que nos encontramos ocurre en septiembre y en octubre cuando la temperatura del mar est\u00e1 muy c\u00e1lida. Hoy se acaba de formar una nueva tormenta tropical: Lorena que est\u00e1 alej\u00e1ndose de las costas de Jalisco y es muy probable que en los pr\u00f3ximos d\u00edas se enfile hacia la pen\u00ednsula de Baja California\u201d, se\u00f1al\u00f3.<\/p>\n<p>&nbsp;<\/p>\n<p>Agreg\u00f3 que la presencia de ese cicl\u00f3n es una buena noticia para estados como Sonora, Baja California Sur y el norte de Sinaloa, que tienen hasta este momento la sequ\u00eda m\u00e1s severa del pa\u00eds y esto podr\u00eda beneficiar al sector agr\u00edcola.<\/p>\n<p>&nbsp;<\/p>\n<p>El maestro Julio Zamora Salvador, Meteor\u00f3logo Operativo del IAM explic\u00f3 que en cuanto al balance del mes de agosto aunque hubo precipitaci\u00f3n a lo largo del territorio, los mayores acumulados estar\u00edan hacia la zona serrana y hacia la zona costa y sur.<\/p>\n<p>&nbsp;<\/p>\n<p>\u201cHacia la regi\u00f3n de los Altos, centro y parte del norte, la precipitaci\u00f3n fue mayor al promedio y hubo un d\u00e9ficit hacia lo que es la zona. En cuanto acumulados en algunos sectores para este mes solamente se alcanzaron por arriba los 350 mililitros\u201d, inform\u00f3.<\/p>\n","protected":false},"excerpt":{"rendered":"<p>Coinciden en se\u00f1alar que el temporal de lluvias ha sido ben\u00e9volo para Jalisco El mes de septiembre se mantendr\u00e1 lluvioso y con temperaturas ligeramente m\u00e1s bajas del promedio, especialmente en la zona centro de Jalisco, se\u00f1alaron especialistas del Instituto de Astronom\u00eda y Meteorolog\u00eda (IAM), de la Universidad de Guadalajara (UdeG).<\/p><p><a class=\"more-link btn\" href=\"https:\/\/lamendigapolitica.com\/?p=81609\">Seguir leyendo<\/a><\/p>\n","protected":false},"author":1,"featured_media":0,"comment_status":"open","ping_status":"closed","sticky":false,"template":"","format":"standard","meta":{"footnotes":""},"categories":[5],"tags":[],"class_list":["post-81609","post","type-post","status-publish","format-standard","hentry","category-partidos","item-wrap"],"_links":{"self":[{"href":"https:\/\/lamendigapolitica.com\/index.php?rest_route=\/wp\/v2\/posts\/81609","targetHints":{"allow":["GET"]}}],"collection":[{"href":"https:\/\/lamendigapolitica.com\/index.php?rest_route=\/wp\/v2\/posts"}],"about":[{"href":"https:\/\/lamendigapolitica.com\/index.php?rest_route=\/wp\/v2\/types\/post"}],"author":[{"embeddable":true,"href":"https:\/\/lamendigapolitica.com\/index.php?rest_route=\/wp\/v2\/users\/1"}],"replies":[{"embeddable":true,"href":"https:\/\/lamendigapolitica.com\/index.php?rest_route=%2Fwp%2Fv2%2Fcomments&post=81609"}],"version-history":[{"count":3,"href":"https:\/\/lamendigapolitica.com\/index.php?rest_route=\/wp\/v2\/posts\/81609\/revisions"}],"predecessor-version":[{"id":81613,"href":"https:\/\/lamendigapolitica.com\/index.php?rest_route=\/wp\/v2\/posts\/81609\/revisions\/81613"}],"wp:attachment":[{"href":"https:\/\/lamendigapolitica.com\/index.php?rest_route=%2Fwp%2Fv2%2Fmedia&parent=81609"}],"wp:term":[{"taxonomy":"category","embeddable":true,"href":"https:\/\/lamendigapolitica.com\/index.php?rest_route=%2Fwp%2Fv2%2Fcategories&post=81609"},{"taxonomy":"post_tag","embeddable":true,"href":"https:\/\/lamendigapolitica.com\/index.php?rest_route=%2Fwp%2Fv2%2Ftags&post=81609"}],"curies":[{"name":"wp","href":"https:\/\/api.w.org\/{rel}","templated":true}]}}