{"id":81594,"date":"2025-09-02T10:36:53","date_gmt":"2025-09-02T16:36:53","guid":{"rendered":"https:\/\/lamendigapolitica.com\/?p=81594"},"modified":"2025-09-02T10:39:10","modified_gmt":"2025-09-02T16:39:10","slug":"con-espectaculo-festejara-la-presidenta-su-primer-grito-de-independencia","status":"publish","type":"post","link":"https:\/\/lamendigapolitica.com\/?p=81594","title":{"rendered":"Con espect\u00e1culo festejar\u00e1 la presidenta su primer Grito de Independencia"},"content":{"rendered":"<p><img loading=\"lazy\" decoding=\"async\" class=\"aligncenter size-full wp-image-81597\" src=\"https:\/\/lamendigapolitica.com\/wp-content\/uploads\/2025\/09\/zocalo.avif\" alt=\"\" width=\"414\" height=\"276\" srcset=\"https:\/\/lamendigapolitica.com\/wp-content\/uploads\/2025\/09\/zocalo.avif 414w, https:\/\/lamendigapolitica.com\/wp-content\/uploads\/2025\/09\/zocalo-300x200.avif 300w\" sizes=\"auto, (max-width: 414px) 100vw, 414px\" \/><\/p>\n<p>En la conferencia La Ma\u00f1anera del Pueblo, la presidenta Claudia Sheinbaum, inform\u00f3 que, con motivo de las celebraciones del Grito De Independencia, y siendo su primera celebraci\u00f3n, el pr\u00f3ximo 15 de septiembre a las 20:00 horas se presentar\u00e1n en el Z\u00f3calo de la CDMX:<\/p>\n<p>La Arrolladora Banda El Lim\u00f3n de Ren\u00e9 Camacho, Legado de Grandeza y Alejandra \u00c1valos<\/p>\n","protected":false},"excerpt":{"rendered":"<p>En la conferencia La Ma\u00f1anera del Pueblo, la presidenta Claudia Sheinbaum, inform\u00f3 que, con motivo de las celebraciones del Grito De Independencia, y siendo su primera celebraci\u00f3n, el pr\u00f3ximo 15 de septiembre a las 20:00 horas se presentar\u00e1n en el Z\u00f3calo de la CDMX: La Arrolladora Banda El Lim\u00f3n de Ren\u00e9 Camacho, Legado de Grandeza &hellip; <\/p>\n<p><a class=\"more-link btn\" href=\"https:\/\/lamendigapolitica.com\/?p=81594\">Seguir leyendo<\/a><\/p>\n","protected":false},"author":1,"featured_media":0,"comment_status":"open","ping_status":"closed","sticky":false,"template":"","format":"standard","meta":{"footnotes":""},"categories":[5],"tags":[],"class_list":["post-81594","post","type-post","status-publish","format-standard","hentry","category-partidos","item-wrap"],"_links":{"self":[{"href":"https:\/\/lamendigapolitica.com\/index.php?rest_route=\/wp\/v2\/posts\/81594","targetHints":{"allow":["GET"]}}],"collection":[{"href":"https:\/\/lamendigapolitica.com\/index.php?rest_route=\/wp\/v2\/posts"}],"about":[{"href":"https:\/\/lamendigapolitica.com\/index.php?rest_route=\/wp\/v2\/types\/post"}],"author":[{"embeddable":true,"href":"https:\/\/lamendigapolitica.com\/index.php?rest_route=\/wp\/v2\/users\/1"}],"replies":[{"embeddable":true,"href":"https:\/\/lamendigapolitica.com\/index.php?rest_route=%2Fwp%2Fv2%2Fcomments&post=81594"}],"version-history":[{"count":3,"href":"https:\/\/lamendigapolitica.com\/index.php?rest_route=\/wp\/v2\/posts\/81594\/revisions"}],"predecessor-version":[{"id":81598,"href":"https:\/\/lamendigapolitica.com\/index.php?rest_route=\/wp\/v2\/posts\/81594\/revisions\/81598"}],"wp:attachment":[{"href":"https:\/\/lamendigapolitica.com\/index.php?rest_route=%2Fwp%2Fv2%2Fmedia&parent=81594"}],"wp:term":[{"taxonomy":"category","embeddable":true,"href":"https:\/\/lamendigapolitica.com\/index.php?rest_route=%2Fwp%2Fv2%2Fcategories&post=81594"},{"taxonomy":"post_tag","embeddable":true,"href":"https:\/\/lamendigapolitica.com\/index.php?rest_route=%2Fwp%2Fv2%2Ftags&post=81594"}],"curies":[{"name":"wp","href":"https:\/\/api.w.org\/{rel}","templated":true}]}}