{"id":81590,"date":"2025-09-01T08:51:35","date_gmt":"2025-09-01T14:51:35","guid":{"rendered":"https:\/\/lamendigapolitica.com\/?p=81590"},"modified":"2025-09-01T08:51:35","modified_gmt":"2025-09-01T14:51:35","slug":"entran-en-funciones-ministros-del-acordeon-a-la-scjn","status":"publish","type":"post","link":"https:\/\/lamendigapolitica.com\/?p=81590","title":{"rendered":"Entran en funciones ministros del \u00abacorde\u00f3n\u00bb a la SCJN"},"content":{"rendered":"<p><img loading=\"lazy\" decoding=\"async\" class=\"aligncenter size-large wp-image-81591\" src=\"https:\/\/lamendigapolitica.com\/wp-content\/uploads\/2025\/09\/Gzwzb2SaUAAL50L-1024x700.jpeg\" alt=\"\" width=\"555\" height=\"379\" srcset=\"https:\/\/lamendigapolitica.com\/wp-content\/uploads\/2025\/09\/Gzwzb2SaUAAL50L-1024x700.jpeg 1024w, https:\/\/lamendigapolitica.com\/wp-content\/uploads\/2025\/09\/Gzwzb2SaUAAL50L-300x205.jpeg 300w, https:\/\/lamendigapolitica.com\/wp-content\/uploads\/2025\/09\/Gzwzb2SaUAAL50L-768x525.jpeg 768w, https:\/\/lamendigapolitica.com\/wp-content\/uploads\/2025\/09\/Gzwzb2SaUAAL50L-555x379.jpeg 555w, https:\/\/lamendigapolitica.com\/wp-content\/uploads\/2025\/09\/Gzwzb2SaUAAL50L.jpeg 1046w\" sizes=\"auto, (max-width: 555px) 100vw, 555px\" \/><\/p>\n<p>La nueva Suprema Corte de Justicia de la Naci\u00f3n, entra hoy en funciones con integrantes electos en las urnas.<br \/>\nLa conformaci\u00f3n del Alto Tribunal garantizar\u00e1 el equilibrio entre los poderes y evitar\u00e1 cualquier exceso asegura, Hugo Aguilar Ortiz, quien 1 de septiembre asume como ministro presidente del m\u00e1ximo tribunal de justicia.<br \/>\nEst\u00e1 integrada por 9 ministros, de los cuales 6 han apoyado, colaborado o comparten la visi\u00f3n ideol\u00f3gica de la llamada Cuarta Transformaci\u00f3n: Hugo Aguilar, Masm\u00edn Esquivelar\u00eda Estela R\u00edos, Sara Irene Herrer\u00edas, Lenia Batres y Loretta Ortiz.<br \/>\nEn tanto que, Ar\u00edstides Guerrero, Irving Espinosa y Giovanni Figueroa mantendr\u00edan cierta independencia pol\u00edtica.<\/p>\n","protected":false},"excerpt":{"rendered":"<p>La nueva Suprema Corte de Justicia de la Naci\u00f3n, entra hoy en funciones con integrantes electos en las urnas. La conformaci\u00f3n del Alto Tribunal garantizar\u00e1 el equilibrio entre los poderes y evitar\u00e1 cualquier exceso asegura, Hugo Aguilar Ortiz, quien 1 de septiembre asume como ministro presidente del m\u00e1ximo tribunal de justicia. Est\u00e1 integrada por 9 &hellip; <\/p>\n<p><a class=\"more-link btn\" href=\"https:\/\/lamendigapolitica.com\/?p=81590\">Seguir leyendo<\/a><\/p>\n","protected":false},"author":1,"featured_media":0,"comment_status":"open","ping_status":"closed","sticky":false,"template":"","format":"standard","meta":{"footnotes":""},"categories":[5],"tags":[],"class_list":["post-81590","post","type-post","status-publish","format-standard","hentry","category-partidos","item-wrap"],"_links":{"self":[{"href":"https:\/\/lamendigapolitica.com\/index.php?rest_route=\/wp\/v2\/posts\/81590","targetHints":{"allow":["GET"]}}],"collection":[{"href":"https:\/\/lamendigapolitica.com\/index.php?rest_route=\/wp\/v2\/posts"}],"about":[{"href":"https:\/\/lamendigapolitica.com\/index.php?rest_route=\/wp\/v2\/types\/post"}],"author":[{"embeddable":true,"href":"https:\/\/lamendigapolitica.com\/index.php?rest_route=\/wp\/v2\/users\/1"}],"replies":[{"embeddable":true,"href":"https:\/\/lamendigapolitica.com\/index.php?rest_route=%2Fwp%2Fv2%2Fcomments&post=81590"}],"version-history":[{"count":2,"href":"https:\/\/lamendigapolitica.com\/index.php?rest_route=\/wp\/v2\/posts\/81590\/revisions"}],"predecessor-version":[{"id":81593,"href":"https:\/\/lamendigapolitica.com\/index.php?rest_route=\/wp\/v2\/posts\/81590\/revisions\/81593"}],"wp:attachment":[{"href":"https:\/\/lamendigapolitica.com\/index.php?rest_route=%2Fwp%2Fv2%2Fmedia&parent=81590"}],"wp:term":[{"taxonomy":"category","embeddable":true,"href":"https:\/\/lamendigapolitica.com\/index.php?rest_route=%2Fwp%2Fv2%2Fcategories&post=81590"},{"taxonomy":"post_tag","embeddable":true,"href":"https:\/\/lamendigapolitica.com\/index.php?rest_route=%2Fwp%2Fv2%2Ftags&post=81590"}],"curies":[{"name":"wp","href":"https:\/\/api.w.org\/{rel}","templated":true}]}}