{"id":81542,"date":"2025-08-23T20:46:30","date_gmt":"2025-08-24T02:46:30","guid":{"rendered":"https:\/\/lamendigapolitica.com\/?p=81542"},"modified":"2025-08-27T11:37:42","modified_gmt":"2025-08-27T17:37:42","slug":"tlajo-impulsa-la-conservacion-de-la-biodiversidad-en-el-primer-festival-endomicologico-del-cerro-viejo","status":"publish","type":"post","link":"https:\/\/lamendigapolitica.com\/?p=81542","title":{"rendered":"Tlajo impulsa la conservaci\u00f3n de la biodiversidad en el Primer Festival Endomicol\u00f3gico del Cerro Viejo"},"content":{"rendered":"<p><img loading=\"lazy\" decoding=\"async\" class=\"aligncenter size-full wp-image-81543\" src=\"https:\/\/lamendigapolitica.com\/wp-content\/uploads\/2025\/08\/54733507171_0231427e2c_c.jpg\" alt=\"\" width=\"799\" height=\"533\" srcset=\"https:\/\/lamendigapolitica.com\/wp-content\/uploads\/2025\/08\/54733507171_0231427e2c_c.jpg 799w, https:\/\/lamendigapolitica.com\/wp-content\/uploads\/2025\/08\/54733507171_0231427e2c_c-300x200.jpg 300w, https:\/\/lamendigapolitica.com\/wp-content\/uploads\/2025\/08\/54733507171_0231427e2c_c-768x512.jpg 768w, https:\/\/lamendigapolitica.com\/wp-content\/uploads\/2025\/08\/54733507171_0231427e2c_c-555x370.jpg 555w\" sizes=\"auto, (max-width: 799px) 100vw, 799px\" \/><\/p>\n<p>* El municipio busca fortalecer la conservaci\u00f3n ambiental y la colecta de especies de hongos en el cerro para su estudio<\/p>\n<p>Con el objetivo de promover la investigaci\u00f3n, la divulgaci\u00f3n cient\u00edfica y la conservaci\u00f3n de la riqueza natural del municipio, se llevar\u00e1 a cabo el Primer Festival de Biodiversidad Endomicol\u00f3gica del Cerro Viejo los d\u00edas 19 y 20 de septiembre.<\/p>\n<p>Previo a este evento, autoridades ambientales, investigadores, ejidatarios y especialistas realizaron un recorrido de exploraci\u00f3n en el Cerro Viejo, donde se llev\u00f3 a cabo la colecta e identificaci\u00f3n de diversas especies de hongos silvestres, como parte del proceso de registro y catalogaci\u00f3n de la biodiversidad local.<!--more--><\/p>\n<p>La iniciativa surge de la colaboraci\u00f3n entre la Fiscal\u00eda Ambiental de Tlajomulco, el Instituto Tecnol\u00f3gico de Tlajomulco, la Direcci\u00f3n de Servicios P\u00fablicos Municipales, la Direcci\u00f3n de Rescate de Fauna Silvestre y ejidatarios de la regi\u00f3n, con la intenci\u00f3n de generar un espacio de intercambio de saberes entre comunidades originarias, academia y gobierno.<\/p>\n<p>\u201cTenemos una colaboraci\u00f3n bien interesante con los ejidos. Nuestro objetivo es que esta investigaci\u00f3n y divulgaci\u00f3n cient\u00edfica sea desarrollada, impulsada y colaborativa con la comunidad. En este caso, estamos en el ejido de San Juan Evangelista de Tlajomulco de Z\u00fa\u00f1iga. Tambi\u00e9n participan algunos consejeros del ejido de San Lucas Evangelista, San Miguel Cuyutl\u00e1n y la comunidad ind\u00edgena de Tlajomulco\u201d, anunci\u00f3 Ver\u00f3nica Delgado Carrillo, fiscal ambiental de Tlajomulco.<\/p>\n<p>Delgado Carrillo destac\u00f3 que este festival responde a la necesidad de reconocer y conservar la biodiversidad del Cerro Viejo, especialmente de los hongos silvestres, que juegan un papel esencial en el equilibrio de los ecosistemas. Subray\u00f3 que la intenci\u00f3n es que las futuras generaciones conozcan esta riqueza natural y puedan desarrollar proyectos socioproductivos en torno a ella.<\/p>\n<p>Durante el festival se contar\u00e1 con la participaci\u00f3n de investigadores y especialistas en micolog\u00eda, quienes impartir\u00e1n talleres, conferencias y recorridos guiados para la identificaci\u00f3n de especies f\u00fangicas. Adem\u00e1s, habr\u00e1 actividades culturales, art\u00edsticas, gastron\u00f3micas y una exposici\u00f3n de artesan\u00edas locales, con el prop\u00f3sito de integrar a las familias tlajomulquenses en la conservaci\u00f3n de su patrimonio natural.<\/p>\n<p>El profesor investigador Florencio G\u00f3mez Leyva, del Instituto Tecnol\u00f3gico de Tlajomulco, resalt\u00f3 la importancia de conocer la riqueza de especies f\u00fangicas en la zona para valorar su potencial alimenticio, medicinal y ecol\u00f3gico. Se\u00f1al\u00f3 que muchas especies cuentan con propiedades nutrimentales y farmacol\u00f3gicas, e incluso cumplen funciones esenciales para los ecosistemas, como la asociaci\u00f3n con \u00e1rboles que mejora la absorci\u00f3n de nutrientes.<\/p>\n<p>\u201cMuchos de los hongos que hemos encontrado aqu\u00ed est\u00e1n asociados a especies comestibles. Recientemente encontramos un nativo en una especie arb\u00f3rea que podr\u00eda ser factible de comercializar y potencialmente utilizarse como un producto culinario\u201d, resalt\u00f3 el acad\u00e9mico.<\/p>\n<p>Asimismo, inform\u00f3 que la Red Nacional de Producci\u00f3n e Investigaci\u00f3n de Recursos F\u00fangicos colabora con el Instituto Tecnol\u00f3gico para generar talleres de producci\u00f3n de hongos comestibles, principalmente setas, como una alternativa de producci\u00f3n sustentable y de aprovechamiento econ\u00f3mico tanto a peque\u00f1a como a gran escala.<\/p>\n<p>El festival se desarrollar\u00e1 los d\u00edas 19 y 20 de septiembre de manera itinerante en localidades de la Ribera de Cajititl\u00e1n. La ciudadan\u00eda podr\u00e1 participar en talleres, conferencias, muestras gastron\u00f3micas y actividades culturales, con el objetivo de acercar el conocimiento cient\u00edfico y ancestral sobre la biodiversidad del Cerro Viejo.<\/p>\n","protected":false},"excerpt":{"rendered":"<p>* El municipio busca fortalecer la conservaci\u00f3n ambiental y la colecta de especies de hongos en el cerro para su estudio Con el objetivo de promover la investigaci\u00f3n, la divulgaci\u00f3n cient\u00edfica y la conservaci\u00f3n de la riqueza natural del municipio, se llevar\u00e1 a cabo el Primer Festival de Biodiversidad Endomicol\u00f3gica del Cerro Viejo los d\u00edas &hellip; <\/p>\n<p><a class=\"more-link btn\" href=\"https:\/\/lamendigapolitica.com\/?p=81542\">Seguir leyendo<\/a><\/p>\n","protected":false},"author":1,"featured_media":0,"comment_status":"open","ping_status":"closed","sticky":false,"template":"","format":"standard","meta":{"footnotes":""},"categories":[5],"tags":[],"class_list":["post-81542","post","type-post","status-publish","format-standard","hentry","category-partidos","item-wrap"],"_links":{"self":[{"href":"https:\/\/lamendigapolitica.com\/index.php?rest_route=\/wp\/v2\/posts\/81542","targetHints":{"allow":["GET"]}}],"collection":[{"href":"https:\/\/lamendigapolitica.com\/index.php?rest_route=\/wp\/v2\/posts"}],"about":[{"href":"https:\/\/lamendigapolitica.com\/index.php?rest_route=\/wp\/v2\/types\/post"}],"author":[{"embeddable":true,"href":"https:\/\/lamendigapolitica.com\/index.php?rest_route=\/wp\/v2\/users\/1"}],"replies":[{"embeddable":true,"href":"https:\/\/lamendigapolitica.com\/index.php?rest_route=%2Fwp%2Fv2%2Fcomments&post=81542"}],"version-history":[{"count":2,"href":"https:\/\/lamendigapolitica.com\/index.php?rest_route=\/wp\/v2\/posts\/81542\/revisions"}],"predecessor-version":[{"id":81548,"href":"https:\/\/lamendigapolitica.com\/index.php?rest_route=\/wp\/v2\/posts\/81542\/revisions\/81548"}],"wp:attachment":[{"href":"https:\/\/lamendigapolitica.com\/index.php?rest_route=%2Fwp%2Fv2%2Fmedia&parent=81542"}],"wp:term":[{"taxonomy":"category","embeddable":true,"href":"https:\/\/lamendigapolitica.com\/index.php?rest_route=%2Fwp%2Fv2%2Fcategories&post=81542"},{"taxonomy":"post_tag","embeddable":true,"href":"https:\/\/lamendigapolitica.com\/index.php?rest_route=%2Fwp%2Fv2%2Ftags&post=81542"}],"curies":[{"name":"wp","href":"https:\/\/api.w.org\/{rel}","templated":true}]}}