{"id":81535,"date":"2025-08-24T19:33:06","date_gmt":"2025-08-25T01:33:06","guid":{"rendered":"https:\/\/lamendigapolitica.com\/?p=81535"},"modified":"2025-08-27T11:38:07","modified_gmt":"2025-08-27T17:38:07","slug":"alcaldesa-de-guadalajara-corre-10k-por-el-dia-del-bombero","status":"publish","type":"post","link":"https:\/\/lamendigapolitica.com\/?p=81535","title":{"rendered":"Alcaldesa de Guadalajara corre 10K por el D\u00eda del Bombero"},"content":{"rendered":"<p><img loading=\"lazy\" decoding=\"async\" class=\"aligncenter size-large wp-image-81536\" src=\"https:\/\/lamendigapolitica.com\/wp-content\/uploads\/2025\/08\/WhatsApp-Image-2025-08-24-at-1.43.11-PM-1024x682.jpeg\" alt=\"\" width=\"555\" height=\"370\" srcset=\"https:\/\/lamendigapolitica.com\/wp-content\/uploads\/2025\/08\/WhatsApp-Image-2025-08-24-at-1.43.11-PM-1024x682.jpeg 1024w, https:\/\/lamendigapolitica.com\/wp-content\/uploads\/2025\/08\/WhatsApp-Image-2025-08-24-at-1.43.11-PM-300x200.jpeg 300w, https:\/\/lamendigapolitica.com\/wp-content\/uploads\/2025\/08\/WhatsApp-Image-2025-08-24-at-1.43.11-PM-768x512.jpeg 768w, https:\/\/lamendigapolitica.com\/wp-content\/uploads\/2025\/08\/WhatsApp-Image-2025-08-24-at-1.43.11-PM-555x370.jpeg 555w, https:\/\/lamendigapolitica.com\/wp-content\/uploads\/2025\/08\/WhatsApp-Image-2025-08-24-at-1.43.11-PM.jpeg 1280w\" sizes=\"auto, (max-width: 555px) 100vw, 555px\" \/><\/p>\n<p>&nbsp;<\/p>\n<p>* Cerca de 10 mil corredores tomaron parte de la carrera en conmemoraci\u00f3n del D\u00eda Nacional del Bombero.<br \/>\n* * La presidenta de Guadalajara, Vero Delgadilo, particip\u00f3 en la competencia y reconoci\u00f3 a todos los atletas que se sumaron a este evento<\/p>\n<p>Este domingo, las calles de la Perla Tapat\u00eda se llenaron de alegr\u00eda, color y fuego, mucho fuego, con la celebraci\u00f3n del XXI 10K Internacional COMUDE Guadalajara y Bomberos, tradicional carrera en conmemoraci\u00f3n del D\u00eda Nacional del Bombero y que congreg\u00f3 a cerca de 10 mil corredores, quienes dieron su m\u00e1ximo esfuerzo para cumplir sus objetivos.<!--more--><\/p>\n<p>La competencia cont\u00f3 con la presencia de Vero Delgadillo, presidenta de Guadalajara quien, tras dar el disparo de salida acompa\u00f1ada de autoridades del Gobierno tapat\u00edo y del director general de COMUDE, David Prado Arredondo, tambi\u00e9n comenz\u00f3 su trayecto para cubrir los 10 kil\u00f3metros de la ruta, con salida y meta en la Glorieta Minerva.<\/p>\n<p>En la rama varonil, el ganador de la categor\u00eda Elite fue Diego Garc\u00eda, quien cruz\u00f3 la meta con tiempo de 29:57, dejando en segundo lugar a Gabriel Arroyo, quien registr\u00f3 30:00, y en tercero a Roberto del Valle, quien finaliz\u00f3 con 30:10.<\/p>\n<p>En la rama femenil, la vencedora fue Isabel Oropeza, quien registr\u00f3 una marca de 35:30, mismo tiempo de su hermana Fanny, quien por mil\u00edmetros finaliz\u00f3 con el segundo lugar, mientras que el tercer puesto fue para la keniana Leah Jebiwot Kigen, quien marc\u00f3 36:19 en el reloj al cruzar la meta.<\/p>\n<p>\u201cEsto es hacer comunidad, salir al espacio p\u00fablico, convivir con atletas y p\u00fablico, generar estos lazos de confianza, de armon\u00eda, que inyectan energ\u00eda en los corredores. Me parece una experiencia muy linda y gratificante ver que cerca de 10 mil personas se convocaron para participar en la carrera, e independientemente del lugar en que terminaron, son ganadores porque tomaron la decisi\u00f3n de cumplir una meta, que son 10 kil\u00f3metros, y no est\u00e1 tan sencillo, mis respetos\u201d, se\u00f1al\u00f3 Vero Delgadillo, presidenta municipal de Guadalajara, quien asegur\u00f3 que su Gobierno seguir\u00e1 apostando por el deporte.<\/p>\n<p>\u201cTodo mi reconocimiento para COMUDE porque es una instituci\u00f3n experta en organizar este tipo de eventos y hay que sentirnos muy orgullosos. Tenemos el Serial de Carreras, la de Bomberos, el Medio Marat\u00f3n y el Marat\u00f3n, y creo que esto convierte a Guadalajara en un destino para el deporte, as\u00ed que hay que seguir apost\u00e1ndole desde nuestra cancha\u201d, concluy\u00f3.<\/p>\n<p>CLASIFICACI\u00d3N VARONIL ELITE<br \/>\n1.- Diego Adolfo Garc\u00eda 29:57<br \/>\n2.- Gabriel Arroyo 30:00<br \/>\n3.- Roberto Del Valle 30:10<\/p>\n<p>CLASIFICACI\u00d3N FEMENIL ELITE<br \/>\n1.- Isabel Oropeza 35:30<br \/>\n2.- Fanny Oropeza 35:30<br \/>\n3.- Leah Jebiwot 36:19<\/p>\n","protected":false},"excerpt":{"rendered":"<p>&nbsp; * Cerca de 10 mil corredores tomaron parte de la carrera en conmemoraci\u00f3n del D\u00eda Nacional del Bombero. * * La presidenta de Guadalajara, Vero Delgadilo, particip\u00f3 en la competencia y reconoci\u00f3 a todos los atletas que se sumaron a este evento Este domingo, las calles de la Perla Tapat\u00eda se llenaron de alegr\u00eda, &hellip; <\/p>\n<p><a class=\"more-link btn\" href=\"https:\/\/lamendigapolitica.com\/?p=81535\">Seguir leyendo<\/a><\/p>\n","protected":false},"author":1,"featured_media":0,"comment_status":"open","ping_status":"closed","sticky":false,"template":"","format":"standard","meta":{"footnotes":""},"categories":[5],"tags":[],"class_list":["post-81535","post","type-post","status-publish","format-standard","hentry","category-partidos","item-wrap"],"_links":{"self":[{"href":"https:\/\/lamendigapolitica.com\/index.php?rest_route=\/wp\/v2\/posts\/81535","targetHints":{"allow":["GET"]}}],"collection":[{"href":"https:\/\/lamendigapolitica.com\/index.php?rest_route=\/wp\/v2\/posts"}],"about":[{"href":"https:\/\/lamendigapolitica.com\/index.php?rest_route=\/wp\/v2\/types\/post"}],"author":[{"embeddable":true,"href":"https:\/\/lamendigapolitica.com\/index.php?rest_route=\/wp\/v2\/users\/1"}],"replies":[{"embeddable":true,"href":"https:\/\/lamendigapolitica.com\/index.php?rest_route=%2Fwp%2Fv2%2Fcomments&post=81535"}],"version-history":[{"count":2,"href":"https:\/\/lamendigapolitica.com\/index.php?rest_route=\/wp\/v2\/posts\/81535\/revisions"}],"predecessor-version":[{"id":81549,"href":"https:\/\/lamendigapolitica.com\/index.php?rest_route=\/wp\/v2\/posts\/81535\/revisions\/81549"}],"wp:attachment":[{"href":"https:\/\/lamendigapolitica.com\/index.php?rest_route=%2Fwp%2Fv2%2Fmedia&parent=81535"}],"wp:term":[{"taxonomy":"category","embeddable":true,"href":"https:\/\/lamendigapolitica.com\/index.php?rest_route=%2Fwp%2Fv2%2Fcategories&post=81535"},{"taxonomy":"post_tag","embeddable":true,"href":"https:\/\/lamendigapolitica.com\/index.php?rest_route=%2Fwp%2Fv2%2Ftags&post=81535"}],"curies":[{"name":"wp","href":"https:\/\/api.w.org\/{rel}","templated":true}]}}