{"id":81520,"date":"2025-08-19T12:30:27","date_gmt":"2025-08-19T18:30:27","guid":{"rendered":"https:\/\/lamendigapolitica.com\/?p=81520"},"modified":"2025-08-29T16:25:55","modified_gmt":"2025-08-29T22:25:55","slug":"los-presidentes-julio-scherer","status":"publish","type":"post","link":"https:\/\/lamendigapolitica.com\/?p=81520","title":{"rendered":"LOS PRESIDENTES\/Julio Scherer"},"content":{"rendered":"<h3><span style=\"color: #666699;\"><img loading=\"lazy\" decoding=\"async\" class=\"alignleft size-medium wp-image-81521\" src=\"https:\/\/lamendigapolitica.com\/wp-content\/uploads\/2025\/08\/7-203x300.jpg\" alt=\"\" width=\"203\" height=\"300\" srcset=\"https:\/\/lamendigapolitica.com\/wp-content\/uploads\/2025\/08\/7-203x300.jpg 203w, https:\/\/lamendigapolitica.com\/wp-content\/uploads\/2025\/08\/7.jpg 505w\" sizes=\"auto, (max-width: 203px) 100vw, 203px\" \/>EL LIBRO DE LA SEMANA<\/span><\/h3>\n<h3><span style=\"color: #666699;\">LOS\u00a0 PRESIDENTES\/Julio Scherer<\/span><\/h3>\n<p>Los presidentes es resultado del oficio period\u00edstico de Julio Scherer, de su talento literario y de la cavilaci\u00f3n profunda acerca de c\u00f3mo son por dentro los gobernantes mexicanos.<!--more--><\/p>\n<p>En 1986 Julio Scherer public\u00f3 un libro destinado a convertirse en un cl\u00e1sico del periodismo pol\u00edtico y literario: Los presidentes. A casi tres d\u00e9cadas de su publicaci\u00f3n, esta nueva edici\u00f3n aumentada y actualizada es el m\u00e1s elocuente homenaje a su autor, fallecido a principios de 2015.<\/p>\n<p>Esta actualizaci\u00f3n procede principalmente de otros libros del autor, e incluye un anexo, \u00abLas casas de los presidentes\u00bb, basado en reportajes de la revista Proceso que Julio Scherer fund\u00f3 y dirigi\u00f3.<\/p>\n<p>Julio Scherer escribi\u00f3 este libro magistral convencido de que \u00aberan muchos los cr\u00edmenes contra la naci\u00f3n y eran pocos los que se atrev\u00edan a descorrer el velo que cubr\u00eda a nuestros presidentes\u00bb.<\/p>\n<p>Recurriendo a su \u00abterca memoria\u00bb, en esta p\u00e1ginas magistrales recuerda hechos, conversaciones, encuentros y desencuentros que tuvo con ellos -D\u00edaz Ordaz, Echevarr\u00eda, L\u00f3pez Portillo y Miguel de la Madrid en la primera edici\u00f3n, a los cuales ahora se a\u00f1aden Salinas, Zedillo, Fox y Calder\u00f3n-, pero al mismo tiempo reflexiona sobre la condici\u00f3n humana de estos mandatarios.<\/p>\n<p>As\u00ed, Los presidentes es resultado del oficio period\u00edstico, del talento literario y de la cavilaci\u00f3n profunda acerca de c\u00f3mo son por dentro los gobernantes mexicanos.<\/p>\n<p>Otro tema central de este libro es la libertad de expresi\u00f3n frente al poder presidencial, e igualmente se confrontan todos los t\u00f3picos asociados al ejecutivo en turno: el dedazo, la adulaci\u00f3n incondicional, el control de la prensa y la corrupci\u00f3n, los cuales parecen repetirse ad infinitum en este sistema priista que sigue vigente.<\/p>\n<p>En esta nueva edici\u00f3n se reproduce un texto de Scherer, escrito en 2014, cuyo foco es el actual presidente, Enrique Pe\u00f1a Nieto, a quien ve comport\u00e1ndose como todos los dem\u00e1s, lo que resulta todav\u00eda m\u00e1s grave por todo el tiempo transcurrido, a lo largo del cual los gobernados han tenido que soportar los embates de este nefasto presidencialismo.<\/p>\n<p>&nbsp;<\/p>\n<p>&nbsp;<\/p>\n","protected":false},"excerpt":{"rendered":"<p>EL LIBRO DE LA SEMANA LOS\u00a0 PRESIDENTES\/Julio Scherer Los presidentes es resultado del oficio period\u00edstico de Julio Scherer, de su talento literario y de la cavilaci\u00f3n profunda acerca de c\u00f3mo son por dentro los gobernantes mexicanos.<\/p><p><a class=\"more-link btn\" href=\"https:\/\/lamendigapolitica.com\/?p=81520\">Seguir leyendo<\/a><\/p>\n","protected":false},"author":1,"featured_media":0,"comment_status":"open","ping_status":"closed","sticky":false,"template":"","format":"standard","meta":{"footnotes":""},"categories":[1,97,26,28,20,37,5,3],"tags":[],"class_list":["post-81520","post","type-post","status-publish","format-standard","hentry","category-columnista","category-comunicacion","category-cultura","category-educacion","category-gobierno","category-nacional","category-partidos","category-politica","item-wrap"],"_links":{"self":[{"href":"https:\/\/lamendigapolitica.com\/index.php?rest_route=\/wp\/v2\/posts\/81520","targetHints":{"allow":["GET"]}}],"collection":[{"href":"https:\/\/lamendigapolitica.com\/index.php?rest_route=\/wp\/v2\/posts"}],"about":[{"href":"https:\/\/lamendigapolitica.com\/index.php?rest_route=\/wp\/v2\/types\/post"}],"author":[{"embeddable":true,"href":"https:\/\/lamendigapolitica.com\/index.php?rest_route=\/wp\/v2\/users\/1"}],"replies":[{"embeddable":true,"href":"https:\/\/lamendigapolitica.com\/index.php?rest_route=%2Fwp%2Fv2%2Fcomments&post=81520"}],"version-history":[{"count":4,"href":"https:\/\/lamendigapolitica.com\/index.php?rest_route=\/wp\/v2\/posts\/81520\/revisions"}],"predecessor-version":[{"id":81569,"href":"https:\/\/lamendigapolitica.com\/index.php?rest_route=\/wp\/v2\/posts\/81520\/revisions\/81569"}],"wp:attachment":[{"href":"https:\/\/lamendigapolitica.com\/index.php?rest_route=%2Fwp%2Fv2%2Fmedia&parent=81520"}],"wp:term":[{"taxonomy":"category","embeddable":true,"href":"https:\/\/lamendigapolitica.com\/index.php?rest_route=%2Fwp%2Fv2%2Fcategories&post=81520"},{"taxonomy":"post_tag","embeddable":true,"href":"https:\/\/lamendigapolitica.com\/index.php?rest_route=%2Fwp%2Fv2%2Ftags&post=81520"}],"curies":[{"name":"wp","href":"https:\/\/api.w.org\/{rel}","templated":true}]}}