{"id":81516,"date":"2025-08-18T11:53:57","date_gmt":"2025-08-18T17:53:57","guid":{"rendered":"https:\/\/lamendigapolitica.com\/?p=81516"},"modified":"2025-08-18T11:53:57","modified_gmt":"2025-08-18T17:53:57","slug":"eso-no-estaba-en-mi-libro-de-historia-de-la-politica-alfred-lopez","status":"publish","type":"post","link":"https:\/\/lamendigapolitica.com\/?p=81516","title":{"rendered":"Eso no estaba en mi libro de historia de la pol\u00edtica, Alfred L\u00f3pez"},"content":{"rendered":"<h3><span style=\"color: #666699;\"><img loading=\"lazy\" decoding=\"async\" class=\"alignleft size-medium wp-image-81517\" src=\"https:\/\/lamendigapolitica.com\/wp-content\/uploads\/2025\/08\/06-190x300.jpg\" alt=\"\" width=\"190\" height=\"300\" srcset=\"https:\/\/lamendigapolitica.com\/wp-content\/uploads\/2025\/08\/06-190x300.jpg 190w, https:\/\/lamendigapolitica.com\/wp-content\/uploads\/2025\/08\/06-650x1024.jpg 650w, https:\/\/lamendigapolitica.com\/wp-content\/uploads\/2025\/08\/06-768x1210.jpg 768w, https:\/\/lamendigapolitica.com\/wp-content\/uploads\/2025\/08\/06-555x874.jpg 555w, https:\/\/lamendigapolitica.com\/wp-content\/uploads\/2025\/08\/06.jpg 952w\" sizes=\"auto, (max-width: 190px) 100vw, 190px\" \/>EL LIBRO DE LA SEMANA <\/span><\/h3>\n<h3><span style=\"color: #666699;\">Eso no estaba en mi libro de historia de la pol\u00edtica, Alfred L\u00f3pez<\/span><\/h3>\n<p>Izquierdas, derechas, amigos irreconciliables, enemigos que se adoran, c\u00e1ndidos candidatos, mujeres que cambiaron la historia; presidentes, aspirantes, tiranos, monarcas, dictadores; alianzas, tretas, traiciones, guerras; c\u00e1maras, congresos, gobiernos, constituciones; h\u00e9roes, villanos&#8230;<!--more--><\/p>\n<p>Alfred L\u00f3pez, c\u00e9lebre autor del blog \u00abYa est\u00e1 el listo que todo lo sabe\u00bb, narra con rigor e ingenio una buena parte de la historia que han protagonizado pol\u00edticos de todos los tiempos, desde biograf\u00edas rocambolescas hasta haza\u00f1as sin igual; hechos que han pasado desapercibidos, ocultos o definitivamente ignotos a nuestros ojos.<\/p>\n<p>Capitanea un colosal y extraordinario viaje al coraz\u00f3n de la intrahistoria de la historia, un viaje que nos sumerge en una divertida y erudita aventura por la historia de la pol\u00edtica y, a la postre, del mundo.<\/p>\n<p>\u00abUn libro para que no quede tertulia sin tu intervenci\u00f3n erudita, o trivial donde conseguir, triunfante, el quesito amarillo. Y sobre todo, para que aprendas cosas tan interesantes que ni te imaginas\u00bb. Javier Santamarta del Pozo, polit\u00f3logo y escritor.<\/p>\n<p>\u00abLa buena noticia es que esta clase de libros, macedonia de an\u00e9cdotas apoyadas por una concienzuda documentaci\u00f3n, permiten que nos llame la atenci\u00f3n algo sobre lo que nunca hab\u00edamos pensado y comencemos a tirar y a tirar del hilo\u00bb. Sergio Parra, XatakaCiencia.<\/p>\n","protected":false},"excerpt":{"rendered":"<p>EL LIBRO DE LA SEMANA Eso no estaba en mi libro de historia de la pol\u00edtica, Alfred L\u00f3pez Izquierdas, derechas, amigos irreconciliables, enemigos que se adoran, c\u00e1ndidos candidatos, mujeres que cambiaron la historia; presidentes, aspirantes, tiranos, monarcas, dictadores; alianzas, tretas, traiciones, guerras; c\u00e1maras, congresos, gobiernos, constituciones; h\u00e9roes, villanos&#8230;<\/p><p><a class=\"more-link btn\" href=\"https:\/\/lamendigapolitica.com\/?p=81516\">Seguir leyendo<\/a><\/p>\n","protected":false},"author":1,"featured_media":0,"comment_status":"open","ping_status":"closed","sticky":false,"template":"","format":"standard","meta":{"footnotes":""},"categories":[101,1,97,26,28,5,3],"tags":[],"class_list":["post-81516","post","type-post","status-publish","format-standard","hentry","category-cine","category-columnista","category-comunicacion","category-cultura","category-educacion","category-partidos","category-politica","item-wrap"],"_links":{"self":[{"href":"https:\/\/lamendigapolitica.com\/index.php?rest_route=\/wp\/v2\/posts\/81516","targetHints":{"allow":["GET"]}}],"collection":[{"href":"https:\/\/lamendigapolitica.com\/index.php?rest_route=\/wp\/v2\/posts"}],"about":[{"href":"https:\/\/lamendigapolitica.com\/index.php?rest_route=\/wp\/v2\/types\/post"}],"author":[{"embeddable":true,"href":"https:\/\/lamendigapolitica.com\/index.php?rest_route=\/wp\/v2\/users\/1"}],"replies":[{"embeddable":true,"href":"https:\/\/lamendigapolitica.com\/index.php?rest_route=%2Fwp%2Fv2%2Fcomments&post=81516"}],"version-history":[{"count":1,"href":"https:\/\/lamendigapolitica.com\/index.php?rest_route=\/wp\/v2\/posts\/81516\/revisions"}],"predecessor-version":[{"id":81518,"href":"https:\/\/lamendigapolitica.com\/index.php?rest_route=\/wp\/v2\/posts\/81516\/revisions\/81518"}],"wp:attachment":[{"href":"https:\/\/lamendigapolitica.com\/index.php?rest_route=%2Fwp%2Fv2%2Fmedia&parent=81516"}],"wp:term":[{"taxonomy":"category","embeddable":true,"href":"https:\/\/lamendigapolitica.com\/index.php?rest_route=%2Fwp%2Fv2%2Fcategories&post=81516"},{"taxonomy":"post_tag","embeddable":true,"href":"https:\/\/lamendigapolitica.com\/index.php?rest_route=%2Fwp%2Fv2%2Ftags&post=81516"}],"curies":[{"name":"wp","href":"https:\/\/api.w.org\/{rel}","templated":true}]}}