{"id":81509,"date":"2025-08-16T19:59:50","date_gmt":"2025-08-17T01:59:50","guid":{"rendered":"https:\/\/lamendigapolitica.com\/?p=81509"},"modified":"2025-08-29T16:23:11","modified_gmt":"2025-08-29T22:23:11","slug":"zapopan-celebra-la-28-edicion-de-la-feria-del-elote-en-tesistan","status":"publish","type":"post","link":"https:\/\/lamendigapolitica.com\/?p=81509","title":{"rendered":"Zapopan celebra la 28 edici\u00f3n de la Feria del Elote en Tesist\u00e1n"},"content":{"rendered":"<p dir=\"ltr\"><img loading=\"lazy\" decoding=\"async\" class=\"aligncenter size-full wp-image-81510\" src=\"https:\/\/lamendigapolitica.com\/wp-content\/uploads\/2025\/08\/54721608358_4e9e066371_c.jpg\" alt=\"\" width=\"799\" height=\"533\" srcset=\"https:\/\/lamendigapolitica.com\/wp-content\/uploads\/2025\/08\/54721608358_4e9e066371_c.jpg 799w, https:\/\/lamendigapolitica.com\/wp-content\/uploads\/2025\/08\/54721608358_4e9e066371_c-300x200.jpg 300w, https:\/\/lamendigapolitica.com\/wp-content\/uploads\/2025\/08\/54721608358_4e9e066371_c-768x512.jpg 768w, https:\/\/lamendigapolitica.com\/wp-content\/uploads\/2025\/08\/54721608358_4e9e066371_c-555x370.jpg 555w\" sizes=\"auto, (max-width: 799px) 100vw, 799px\" \/><\/p>\n<p dir=\"ltr\">Son 125 comerciantes quienes atender\u00e1n a m\u00e1s de 150 mil asistentes durante los 5 d\u00edas que est\u00e9n instalados<\/p>\n<p dir=\"ltr\">El Presidente Municipal de Zapopan, Juan Jos\u00e9 Frangie, en coordinaci\u00f3n con la Direcci\u00f3n de Delegaciones y Agencias Municipales, realiz\u00f3 un recorrido durante el segundo d\u00eda de actividades de la 28 edici\u00f3n de la tradicional Feria del Elote situada en la plaza principal de Tesist\u00e1n y calles aleda\u00f1as, que se instala del 13 al 17 de agosto, una de las festividades m\u00e1s representativas de la regi\u00f3n, que combina gastronom\u00eda, cultura y convivencia familiar.<!--more--><\/p>\n<p>&nbsp;<\/p>\n<p dir=\"ltr\">Este a\u00f1o se espera la asistencia de m\u00e1s de 150 mil personas y la participaci\u00f3n de m\u00e1s de 125 comerciantes, quienes ofrecer\u00e1n una amplia variedad de productos elaborados a base de elote, as\u00ed como artesan\u00edas y antojitos t\u00edpicos. Para mayor comodidad de las y los visitantes, se instal\u00f3 un \u00e1rea exclusiva para la degustaci\u00f3n de alimentos, equipada con mesas y sillas.<\/p>\n<p>&nbsp;<\/p>\n<p dir=\"ltr\">Por primera vez en la historia del evento, la feria contar\u00e1 con dos escenarios, lo que permitir\u00e1 la presentaci\u00f3n de 75 grupos art\u00edsticos de diferentes g\u00e9neros que ofrecer\u00e1n espect\u00e1culos musicales y culturales durante toda la jornada.<\/p>\n<p>&nbsp;<\/p>\n<p dir=\"ltr\">El Presidente Municipal Juan Jos\u00e9 Frangie, destac\u00f3 que estas celebraciones impulsan la derrama econ\u00f3mica de comerciantes y agricultores de la zona, beneficiando a miles de familias que ofertan sus productos durante estos d\u00edas.<\/p>\n<p>&nbsp;<\/p>\n<p dir=\"ltr\">\u201cEs una tradici\u00f3n de much\u00edsimos a\u00f1os y, como siempre en esta administraci\u00f3n, queremos incentivar que sea m\u00e1s ordenada, que cuente con m\u00e1s espacios y que cada d\u00eda atraiga a m\u00e1s visitantes. Este evento detona la econom\u00eda, sobre todo de agricultores y comerciantes, y eso es lo m\u00e1s importante, que tengan mayor poder econ\u00f3mico para llevar a sus hogares\u201d, expres\u00f3 el alcalde.<\/p>\n<p>&nbsp;<\/p>\n<h3 dir=\"ltr\">Una tradici\u00f3n que impulsa a Tesist\u00e1n<\/h3>\n<p>&nbsp;<\/p>\n<p dir=\"ltr\">Adem\u00e1s de preservar la identidad y las tradiciones, la Feria del Elote representa un motor para la econom\u00eda local, ya que genera oportunidades para productores, comerciantes y prestadores de servicios.<\/p>\n<p>&nbsp;<\/p>\n<p dir=\"ltr\">Frangie Saade, subray\u00f3 que durante su administraci\u00f3n se continuar\u00e1 apoyando al campo, que es parte importante del comercio en Tesist\u00e1n, y colonias aleda\u00f1as, por lo que se seguir\u00e1 destinando el presupuesto necesario para fortalecer la actividad agr\u00edcola.<\/p>\n<p>&nbsp;<\/p>\n<p dir=\"ltr\">\u201cEstamos invirtiendo m\u00e1s de 100 millones de pesos en el campo. Queremos evitar que desaparezca esta actividad, por eso apoyamos a las y los productores a trav\u00e9s de la Coordinaci\u00f3n de Promoci\u00f3n Econ\u00f3mica, con equipo, fumigantes, drones y cr\u00e9ditos. Es un sector muy importante y vamos a seguir apoy\u00e1ndolo\u201d, detall\u00f3 el Presidente Municipal.<\/p>\n<p>&nbsp;<\/p>\n<p dir=\"ltr\">Este evento se desarrolla en un contexto de importantes inversiones y obras en la zona, entre las que destacan la renovaci\u00f3n de la Plaza P\u00fablica, la rehabilitaci\u00f3n de la Biblioteca Luci\u00e9rnaga, la instalaci\u00f3n de una sede de Zapopan al Cubo en Villas de Tesist\u00e1n, el Parque de la Mujer y la Unidad Deportiva Parques de Tesist\u00e1n, as\u00ed como la modernizaci\u00f3n de calles y vialidades estrat\u00e9gicas, dando continuidad a los trabajos que dignifican las zonas del municipio.<\/p>\n<p>&nbsp;<\/p>\n<p dir=\"ltr\">Con m\u00e1s de 500 millones de pesos invertidos en Tesist\u00e1n, y con compromisos como la ampliaci\u00f3n de la L\u00ednea 3 del Tren Ligero y la rehabilitaci\u00f3n del mercado municipal, el Gobierno de Zapopan refrenda su apoyo para que esta celebraci\u00f3n contin\u00fae creciendo y consolid\u00e1ndose como un orgullo de la comunidad.<\/p>\n","protected":false},"excerpt":{"rendered":"<p>Son 125 comerciantes quienes atender\u00e1n a m\u00e1s de 150 mil asistentes durante los 5 d\u00edas que est\u00e9n instalados El Presidente Municipal de Zapopan, Juan Jos\u00e9 Frangie, en coordinaci\u00f3n con la Direcci\u00f3n de Delegaciones y Agencias Municipales, realiz\u00f3 un recorrido durante el segundo d\u00eda de actividades de la 28 edici\u00f3n de la tradicional Feria del Elote &hellip; <\/p>\n<p><a class=\"more-link btn\" href=\"https:\/\/lamendigapolitica.com\/?p=81509\">Seguir leyendo<\/a><\/p>\n","protected":false},"author":1,"featured_media":0,"comment_status":"open","ping_status":"closed","sticky":false,"template":"","format":"standard","meta":{"footnotes":""},"categories":[5],"tags":[],"class_list":["post-81509","post","type-post","status-publish","format-standard","hentry","category-partidos","item-wrap"],"_links":{"self":[{"href":"https:\/\/lamendigapolitica.com\/index.php?rest_route=\/wp\/v2\/posts\/81509","targetHints":{"allow":["GET"]}}],"collection":[{"href":"https:\/\/lamendigapolitica.com\/index.php?rest_route=\/wp\/v2\/posts"}],"about":[{"href":"https:\/\/lamendigapolitica.com\/index.php?rest_route=\/wp\/v2\/types\/post"}],"author":[{"embeddable":true,"href":"https:\/\/lamendigapolitica.com\/index.php?rest_route=\/wp\/v2\/users\/1"}],"replies":[{"embeddable":true,"href":"https:\/\/lamendigapolitica.com\/index.php?rest_route=%2Fwp%2Fv2%2Fcomments&post=81509"}],"version-history":[{"count":1,"href":"https:\/\/lamendigapolitica.com\/index.php?rest_route=\/wp\/v2\/posts\/81509\/revisions"}],"predecessor-version":[{"id":81511,"href":"https:\/\/lamendigapolitica.com\/index.php?rest_route=\/wp\/v2\/posts\/81509\/revisions\/81511"}],"wp:attachment":[{"href":"https:\/\/lamendigapolitica.com\/index.php?rest_route=%2Fwp%2Fv2%2Fmedia&parent=81509"}],"wp:term":[{"taxonomy":"category","embeddable":true,"href":"https:\/\/lamendigapolitica.com\/index.php?rest_route=%2Fwp%2Fv2%2Fcategories&post=81509"},{"taxonomy":"post_tag","embeddable":true,"href":"https:\/\/lamendigapolitica.com\/index.php?rest_route=%2Fwp%2Fv2%2Ftags&post=81509"}],"curies":[{"name":"wp","href":"https:\/\/api.w.org\/{rel}","templated":true}]}}