{"id":81503,"date":"2025-08-14T19:48:41","date_gmt":"2025-08-15T01:48:41","guid":{"rendered":"https:\/\/lamendigapolitica.com\/?p=81503"},"modified":"2025-08-17T19:53:28","modified_gmt":"2025-08-18T01:53:28","slug":"impulsan-en-jalisco-campana-para-prevenir-el-maltrato-animal","status":"publish","type":"post","link":"https:\/\/lamendigapolitica.com\/?p=81503","title":{"rendered":"Impulsan en Jalisco campa\u00f1a para prevenir el maltrato animal"},"content":{"rendered":"<p><img loading=\"lazy\" decoding=\"async\" class=\"aligncenter size-full wp-image-81504\" src=\"https:\/\/lamendigapolitica.com\/wp-content\/uploads\/2025\/08\/perrito.jpg\" alt=\"\" width=\"768\" height=\"479\" srcset=\"https:\/\/lamendigapolitica.com\/wp-content\/uploads\/2025\/08\/perrito.jpg 768w, https:\/\/lamendigapolitica.com\/wp-content\/uploads\/2025\/08\/perrito-300x187.jpg 300w, https:\/\/lamendigapolitica.com\/wp-content\/uploads\/2025\/08\/perrito-555x346.jpg 555w\" sizes=\"auto, (max-width: 768px) 100vw, 768px\" \/><\/p>\n<p>&nbsp;<\/p>\n<p>Con el objetivo de sensibilizar a la ciudadan\u00eda, fomentar la denuncia de casos de maltrato animal y reforzar las acciones de prevenci\u00f3n, la diputada Alejandra Giadans Valenzuela present\u00f3 la campa\u00f1a \u201cPor un Jalisco sin maltrato animal\u201d, que ser\u00e1 coordinada por la Fiscal\u00eda del Estado en colaboraci\u00f3n con los ayuntamientos. Inform\u00f3 que, como parte de esta estrategia, la Fiscal\u00eda realizar\u00e1 recorridos en las colonias para fomentar la tenencia responsable de las mascotas y promover entre los ciudadanos sobre lo que constituye el maltrato animal.<!--more--><\/p>\n<p>En la conferencia de prensa, Giadans Valenzuela estuvo acompa\u00f1ada por Marisol S\u00e1nchez D\u00edaz y Luis Alberto Aranda Avil\u00e9s, coordinadora y director de la Unidad de Investigaci\u00f3n Especializada en Delitos Varios, quienes coincidieron en la urgencia de establecer medidas claras para prevenir el maltrato animal, definir su concepto y que los ciudadanos las formas de denuncia de este tipo de casos. Indicaron que en Jalisco se registran m\u00e1s de cien incidentes de crueldad animal al a\u00f1o.<\/p>\n<p>La diputada inform\u00f3 que present\u00f3 una iniciativa para crear la Ley de Bienestar Animal Estatal con la finalidad de establecer medidas m\u00e1s estrictas contra el maltrato, impulsar campa\u00f1as de concientizaci\u00f3n sobre el cuidado y respeto hacia los animales, dotar a las autoridades con herramientas efectivas para sancionar y prevenir estos casos, y fomentar una cultura de protecci\u00f3n y bienestar de las mascotas en la sociedad.<\/p>\n<p>Propuso que la Fiscal\u00eda dise\u00f1e un protocolo para que el ciudadano pueda denunciar el maltrato animal y se elabore un Registro \u00danico de Animales a nivel estatal. Adem\u00e1s, anunci\u00f3 que hoy se realizar\u00e1 un foro de consulta para enriquecer la iniciativa para crear la Ley de Bienestar Animal Estatal con las aportaciones de especialistas, activistas y ciudadan\u00eda, a fin de construir un marco legal que fortalezca la cultura de respeto, empat\u00eda y responsabilidad hacia los animales en Jalisco.<\/p>\n","protected":false},"excerpt":{"rendered":"<p>&nbsp; Con el objetivo de sensibilizar a la ciudadan\u00eda, fomentar la denuncia de casos de maltrato animal y reforzar las acciones de prevenci\u00f3n, la diputada Alejandra Giadans Valenzuela present\u00f3 la campa\u00f1a \u201cPor un Jalisco sin maltrato animal\u201d, que ser\u00e1 coordinada por la Fiscal\u00eda del Estado en colaboraci\u00f3n con los ayuntamientos. Inform\u00f3 que, como parte de &hellip; <\/p>\n<p><a class=\"more-link btn\" href=\"https:\/\/lamendigapolitica.com\/?p=81503\">Seguir leyendo<\/a><\/p>\n","protected":false},"author":1,"featured_media":0,"comment_status":"open","ping_status":"closed","sticky":false,"template":"","format":"standard","meta":{"footnotes":""},"categories":[5],"tags":[],"class_list":["post-81503","post","type-post","status-publish","format-standard","hentry","category-partidos","item-wrap"],"_links":{"self":[{"href":"https:\/\/lamendigapolitica.com\/index.php?rest_route=\/wp\/v2\/posts\/81503","targetHints":{"allow":["GET"]}}],"collection":[{"href":"https:\/\/lamendigapolitica.com\/index.php?rest_route=\/wp\/v2\/posts"}],"about":[{"href":"https:\/\/lamendigapolitica.com\/index.php?rest_route=\/wp\/v2\/types\/post"}],"author":[{"embeddable":true,"href":"https:\/\/lamendigapolitica.com\/index.php?rest_route=\/wp\/v2\/users\/1"}],"replies":[{"embeddable":true,"href":"https:\/\/lamendigapolitica.com\/index.php?rest_route=%2Fwp%2Fv2%2Fcomments&post=81503"}],"version-history":[{"count":1,"href":"https:\/\/lamendigapolitica.com\/index.php?rest_route=\/wp\/v2\/posts\/81503\/revisions"}],"predecessor-version":[{"id":81505,"href":"https:\/\/lamendigapolitica.com\/index.php?rest_route=\/wp\/v2\/posts\/81503\/revisions\/81505"}],"wp:attachment":[{"href":"https:\/\/lamendigapolitica.com\/index.php?rest_route=%2Fwp%2Fv2%2Fmedia&parent=81503"}],"wp:term":[{"taxonomy":"category","embeddable":true,"href":"https:\/\/lamendigapolitica.com\/index.php?rest_route=%2Fwp%2Fv2%2Fcategories&post=81503"},{"taxonomy":"post_tag","embeddable":true,"href":"https:\/\/lamendigapolitica.com\/index.php?rest_route=%2Fwp%2Fv2%2Ftags&post=81503"}],"curies":[{"name":"wp","href":"https:\/\/api.w.org\/{rel}","templated":true}]}}