{"id":81500,"date":"2025-08-13T22:48:03","date_gmt":"2025-08-14T04:48:03","guid":{"rendered":"https:\/\/lamendigapolitica.com\/?p=81500"},"modified":"2025-08-29T16:36:24","modified_gmt":"2025-08-29T22:36:24","slug":"presentan-concepto-imagen-y-primera-parte-de-la-cartelera-de-las-fiestas-de-octubre-2025","status":"publish","type":"post","link":"https:\/\/lamendigapolitica.com\/?p=81500","title":{"rendered":"Presentan concepto, imagen y  cartelera de las Fiestas de Octubre 2025"},"content":{"rendered":"<p><img loading=\"lazy\" decoding=\"async\" class=\"aligncenter size-full wp-image-81501\" src=\"https:\/\/lamendigapolitica.com\/wp-content\/uploads\/2025\/08\/Entrada.jpg\" alt=\"\" width=\"1280\" height=\"720\" srcset=\"https:\/\/lamendigapolitica.com\/wp-content\/uploads\/2025\/08\/Entrada.jpg 1280w, https:\/\/lamendigapolitica.com\/wp-content\/uploads\/2025\/08\/Entrada-300x169.jpg 300w, https:\/\/lamendigapolitica.com\/wp-content\/uploads\/2025\/08\/Entrada-1024x576.jpg 1024w, https:\/\/lamendigapolitica.com\/wp-content\/uploads\/2025\/08\/Entrada-768x432.jpg 768w, https:\/\/lamendigapolitica.com\/wp-content\/uploads\/2025\/08\/Entrada-555x312.jpg 555w\" sizes=\"auto, (max-width: 1280px) 100vw, 1280px\" \/><br \/>\nLa edici\u00f3n n\u00famero 60 se realizar\u00e1 del 3 de octubre al 4 de noviembre en el Auditorio Benito Ju\u00e1rez; se espera una afluencia de 1.1 millones de visitantes<\/p>\n<p>Se realizar\u00e1 una rehabilitaci\u00f3n integral del Auditorio Benito Ju\u00e1rez, con una inversi\u00f3n de 350 millones de pesos, en dos etapas de intervenci\u00f3n; la primera etapa quedar\u00e1 lista este a\u00f1o<!--more--><\/p>\n<p>Una de las actividades principales ser\u00e1 un homenaje para Marco Antonio Mu\u00f1\u00edz, quien estar\u00e1 acompa\u00f1ado por una lista de grandes artistas que pr\u00f3ximamente se dar\u00e1 a conocer<\/p>\n<p>Para celebrar al estilo Jalisco y exaltar elementos que son s\u00edmbolos de la mexicanidad, Pablo Lemus Navarro, Gobernador de Jalisco, present\u00f3 la nueva imagen y la primera parte de la cartelera de artistas que se presentar\u00e1n en la edici\u00f3n n\u00famero 60 de las Fiestas de Octubre 2025.<\/p>\n<p>Las actividades se llevar\u00e1n a cabo del 3 de octubre al 4 de noviembre, y se espera una afluencia de m\u00e1s de 1.1 millones de personas.<\/p>\n<p>Se anunci\u00f3 una intervenci\u00f3n integral del Auditorio Benito Ju\u00e1rez, en dos etapas de ejecuci\u00f3n, con una inversi\u00f3n de 350 millones de pesos.<\/p>\n<p>Pablo Lemus Navarro, Gobernador de Jalisco, detall\u00f3 que las Fiestas de Octubre 2025 recuperar\u00e1n sus tradiciones y gastronom\u00eda, con un concepto familiar y una oferta de atracciones y entretenimiento para todas las edades.<\/p>\n<p>\u201cMe entusiasmaba mucho poder hacer una presentaci\u00f3n de la visi\u00f3n y de la nueva l\u00f3gica de las Fiestas de Octubre. (&#8230;) Ped\u00ed regresar (las Fiestas de Octubre) a su vocacionamiento original y tener muchos eventos familiares, muchos eventos para ni\u00f1as y ni\u00f1os\u201d, afirm\u00f3 el Gobernador, Pablo Lemus.<\/p>\n<p>La primera parte de la cartera de artistas que asistir\u00e1n al Auditorio Benito Ju\u00e1rez est\u00e1 integrada por Sebasti\u00e1n Yatra, Zo\u00e9, Morat, Carlos Vives, Los \u00c1ngeles Azules, Caifanes, Enjambre, Natalia Jim\u00e9nez, DLD, Kinky, Ha-Ash, Mar\u00eda Jos\u00e9, entre otros.<\/p>\n<p>En el programa de actividades destaca un homenaje a Marco Antonio Mu\u00f1iz, en colaboraci\u00f3n con la Secretar\u00eda de Cultura de Jalisco, Se llevar\u00e1 a cabo el 27 de octubre, con la participaci\u00f3n del Mariachi Vargas de Tecalitl\u00e1n y otros artistas que se ir\u00e1n presentando en los pr\u00f3ximos d\u00edas.<\/p>\n<p>El resto de la cartelera se dar\u00e1 a conocer, en bloque y de manera gradual, en las pr\u00f3ximas semanas antes del 30 de agosto.<\/p>\n<p>Lorena Mart\u00ednez Ram\u00edrez, Directora General de AEEJ, anunci\u00f3 que este a\u00f1o las Fiestas de Octubre se celebrar\u00e1n al estilo Jalisco, con un concepto tem\u00e1tico que rendir\u00e1 homenaje a las 12 regiones del estado, a trav\u00e9s de estructuras monumentales y escenograf\u00edas inspiradas en su identidad cultural, tradiciones y paisajes.<\/p>\n<p>\u201cGracias Gobernador por el compromiso que tienes con la gente, y gracias a todas y a todos los que han hecho posible que estas fiestas sean las mejores fiestas de la historia\u201d, a\u00f1adi\u00f3 Mart\u00ednez Ram\u00edrez.<\/p>\n<p>Respecto a la intervenci\u00f3n del Auditorio Benito Ju\u00e1rez, la primera etapa quedar\u00e1 lista este a\u00f1o, y la segunda etapa en 2026, en un proyecto que modernizar\u00e1 un espacio emblem\u00e1tico para la cultura y el entretenimiento en Jalisco.<\/p>\n<p>David Zamora Bueno, Secretario de Infraestructura y Obra P\u00fablica (SIOP), explic\u00f3 sobre los trabajos de remodelaci\u00f3n.<\/p>\n<p>\u201cNosotros lo que vamos a hacer, en esta primera etapa, es toda la explanada. Se est\u00e1 rehabilitando para dejarla preparada, para que ah\u00ed pueda iniciar las pr\u00f3ximas Fiestas de Octubre. A la par, se va a hacer un motivo de ingreso digno, con accesibilidad, y esto va a estar listo 15 d\u00edas antes de que empiecen las fiestas\u201d, destac\u00f3 el Secretario.<\/p>\n<p>Zamora Bueno precis\u00f3 que el proyecto incluye la rehabilitaci\u00f3n de las estructuras del Auditorio Benito Ju\u00e1rez, a fin de mejorar la zona de conciertos con una mejor ac\u00fastica e imagen.<\/p>\n<p>Otra sorpresa anunciada fue que el Auditorio Benito Ju\u00e1rez volvi\u00f3 para quedarse, y estar\u00e1 disponible durante todo el a\u00f1o para la realizaci\u00f3n de eventos de entretenimiento y conciertos de distintos g\u00e9neros musicales.<\/p>\n<p>Juan Jos\u00e9 Frangie, Presidente Municipal de Zapopan y Encargado Oficial del Mundial de F\u00fatbol 2026 en Jalisco, anunci\u00f3 que durante esta celebraci\u00f3n se instalar\u00e1 el primer Pabell\u00f3n \u201cEl Alma del Mundial\u201d, una actividad oficial rumbo a la justa deportiva m\u00e1s importante del balompi\u00e9 internacional.<\/p>\n<p>En el pabell\u00f3n se tendr\u00e1 memorabilia de los Mundiales en M\u00e9xico, informaci\u00f3n sobre jugadores mexicanos y jaliscienses, con tecnolog\u00eda atractiva en luces, video y audio. El ingreso a esta atracci\u00f3n ser\u00e1 gratuita, incluida en el costo del boleto de ingreso.<\/p>\n<p>\u201cFelicidades a mi querido amigo, el se\u00f1or Gobernador Pablo Lemus, gracias por apostarle al auditorio, cambiar la imagen a este lugar tan ic\u00f3nico durante \u00a060 a\u00f1os\u201d, dijo el Alcalde zapopano.<\/p>\n<p>Frangie Saade a\u00f1adi\u00f3 que para sumar a las labores de vigilancia y seguridad en la zona el Ayuntamiento de Zapopan pondr\u00e1 a disposici\u00f3n 350 elementos de Seguridad, Protecci\u00f3n Civil y Servicios P\u00fablicos.<\/p>\n<p>Entre las atracciones m\u00e1s destacadas de las Fiestas de Octubre 2025 se encuentra La Canica Azul, que ofrecer\u00e1 un recorrido l\u00fadico e inmersivo por seis salas inspiradas en los dulces t\u00edpicos de Jalisco.<\/p>\n<p>Todos los d\u00edas a las 18:00 horas habr\u00e1 \u201chappenings\u201d con artistas esc\u00e9nicos y circenses, finalizando con un desfile en la explanada principal con el show \u201cJalisco Tierra de Gigantes\u201d.<\/p>\n<p>Tambi\u00e9n se tendr\u00e1n stands de comida tradicional de Jalisco, como carne en su jugo, tortas ahogadas, entre otros alimentos.<\/p>\n<p>Para garantizar el servicio de transporte p\u00fablico a los visitantes, la L\u00ednea 1 de Mi Tren funcionar\u00e1 hasta la 01:00 horas, y se proyecta habilitar un mayor n\u00famero de rutas alimentadoras hacia el recinto ferial.<\/p>\n<p>Para saber m\u00e1s:<\/p>\n<p>\u25cf La edici\u00f3n 2025 de las Fiestas de Octubre regresar\u00e1 a la identidad de las fiestas del pueblo jalisciense. Su primera edici\u00f3n se celebr\u00f3 en 1965.<\/p>\n<p>\u25cf Se tendr\u00e1 un horario de 10:00 a 00:00 horas, con terrazas abiertas hasta las 3:00 horas.<\/p>\n<p>\u25cf El costo de la entrada general ser\u00e1 de 60 pesos, mientras que el ingreso con descuento para personas adultas mayores y estudiantes, ni\u00f1as y ni\u00f1os menores de 12 a\u00f1os ser\u00e1 de 30 pesos. La venta de boletos iniciar\u00e1 el 18 de agosto, en Ticketmaster.<\/p>\n<p>\u25cf La Canica Azul tendr\u00e1 un costo general de 50 pesos general, as\u00ed como 40 pesos para estudiantes, menores de edad tres a\u00f1os entrar\u00e1n gratis. Los boletos de acceso y para conciertos estar\u00e1n disponibles pr\u00f3ximamente.<\/p>\n<p>\u25cf Las Fiestas de Octubre son organizadas por la Agencia Estatal de Entretenimiento de Jalisco (AEEJ), dependencia estatal que estar\u00e1 encargada de darle a las y los jaliscienses la mejor fiesta mexicana.<\/p>\n<p>\u25cf Para m\u00e1s informaci\u00f3n, pueden consultarse en las redes sociales oficiales de la Agencia Estatal de Entretenimiento de Jalisco y Fiestas de Octubre, as\u00ed como el sitio web aentretenimiento.jalisco.gob.mx<\/p>\n","protected":false},"excerpt":{"rendered":"<p>La edici\u00f3n n\u00famero 60 se realizar\u00e1 del 3 de octubre al 4 de noviembre en el Auditorio Benito Ju\u00e1rez; se espera una afluencia de 1.1 millones de visitantes Se realizar\u00e1 una rehabilitaci\u00f3n integral del Auditorio Benito Ju\u00e1rez, con una inversi\u00f3n de 350 millones de pesos, en dos etapas de intervenci\u00f3n; la primera etapa quedar\u00e1 lista &hellip; <\/p>\n<p><a class=\"more-link btn\" href=\"https:\/\/lamendigapolitica.com\/?p=81500\">Seguir leyendo<\/a><\/p>\n","protected":false},"author":1,"featured_media":0,"comment_status":"open","ping_status":"closed","sticky":false,"template":"","format":"standard","meta":{"footnotes":""},"categories":[5],"tags":[],"class_list":["post-81500","post","type-post","status-publish","format-standard","hentry","category-partidos","item-wrap"],"_links":{"self":[{"href":"https:\/\/lamendigapolitica.com\/index.php?rest_route=\/wp\/v2\/posts\/81500","targetHints":{"allow":["GET"]}}],"collection":[{"href":"https:\/\/lamendigapolitica.com\/index.php?rest_route=\/wp\/v2\/posts"}],"about":[{"href":"https:\/\/lamendigapolitica.com\/index.php?rest_route=\/wp\/v2\/types\/post"}],"author":[{"embeddable":true,"href":"https:\/\/lamendigapolitica.com\/index.php?rest_route=\/wp\/v2\/users\/1"}],"replies":[{"embeddable":true,"href":"https:\/\/lamendigapolitica.com\/index.php?rest_route=%2Fwp%2Fv2%2Fcomments&post=81500"}],"version-history":[{"count":2,"href":"https:\/\/lamendigapolitica.com\/index.php?rest_route=\/wp\/v2\/posts\/81500\/revisions"}],"predecessor-version":[{"id":81571,"href":"https:\/\/lamendigapolitica.com\/index.php?rest_route=\/wp\/v2\/posts\/81500\/revisions\/81571"}],"wp:attachment":[{"href":"https:\/\/lamendigapolitica.com\/index.php?rest_route=%2Fwp%2Fv2%2Fmedia&parent=81500"}],"wp:term":[{"taxonomy":"category","embeddable":true,"href":"https:\/\/lamendigapolitica.com\/index.php?rest_route=%2Fwp%2Fv2%2Fcategories&post=81500"},{"taxonomy":"post_tag","embeddable":true,"href":"https:\/\/lamendigapolitica.com\/index.php?rest_route=%2Fwp%2Fv2%2Ftags&post=81500"}],"curies":[{"name":"wp","href":"https:\/\/api.w.org\/{rel}","templated":true}]}}