{"id":81497,"date":"2025-08-12T22:23:22","date_gmt":"2025-08-13T04:23:22","guid":{"rendered":"https:\/\/lamendigapolitica.com\/?p=81497"},"modified":"2025-08-13T22:27:38","modified_gmt":"2025-08-14T04:27:38","slug":"regresan-a-clases-342-mil-076-alumnos-de-la-universidad-de-guadalajara","status":"publish","type":"post","link":"https:\/\/lamendigapolitica.com\/?p=81497","title":{"rendered":"Regresan a clases 342 mil 076 alumnos de la Universidad de Guadalajara"},"content":{"rendered":"<p><img loading=\"lazy\" decoding=\"async\" class=\"aligncenter size-full wp-image-81498\" src=\"https:\/\/lamendigapolitica.com\/wp-content\/uploads\/2025\/08\/5.jpg\" alt=\"\" width=\"1184\" height=\"787\" srcset=\"https:\/\/lamendigapolitica.com\/wp-content\/uploads\/2025\/08\/5.jpg 1184w, https:\/\/lamendigapolitica.com\/wp-content\/uploads\/2025\/08\/5-300x199.jpg 300w, https:\/\/lamendigapolitica.com\/wp-content\/uploads\/2025\/08\/5-1024x681.jpg 1024w, https:\/\/lamendigapolitica.com\/wp-content\/uploads\/2025\/08\/5-768x510.jpg 768w, https:\/\/lamendigapolitica.com\/wp-content\/uploads\/2025\/08\/5-555x369.jpg 555w\" sizes=\"auto, (max-width: 1184px) 100vw, 1184px\" \/><\/p>\n<p>Inici\u00f3 el calendario escolar 2025-B; esta Casa de Estudio recibe a m\u00e1s de 89 mil nuevos alumnos<\/p>\n<p>Este lunes 11 de agosto volvieron a las aulas 342 mil 076 alumnos tanto del Sistema de Educaci\u00f3n Media Superior (SEMS) como de las licenciaturas de los distintos centros universitarios de la Universidad de Guadalajara, iniciando as\u00ed oficialmente el ciclo escolar 2025-B.<!--more--><\/p>\n<p>El Coordinador de Control Escolar, maestro Fabi\u00e1n Morales Cobos, se\u00f1al\u00f3 que de esta comunidad estudiantil 191 mil 786 son parte del SEMS, mientras que 150 mil 290 se distribuyen entre los 19 centros universitarios.<\/p>\n<p>&nbsp;<\/p>\n<p>\u201cEste ciclo escolar se recibir\u00e1 a 89 mil siete alumnos de nuevo ingreso; 67 mil 385 ya son parte de las 178 preparatorias y m\u00f3dulos del SEMS, y 21 mil 622 se integraron a las aulas de los centros universitarios. Afortunadamente, todos los cupos que ofertamos durante este semestre se pudieron cubrir, hubo algunas carreras donde nos vimos sobrepasados, como en el caso de Contadur\u00eda, donde ofertamos 15 cupos y se recibieron m\u00e1s de 300 solicitudes\u201d, destac\u00f3.<\/p>\n<p>&nbsp;<\/p>\n<p>Dijo que de los estudiantes de nuevo ingreso, en el SEMS 24 mil 459 son mujeres, 19 mil 556 son hombres y 16 personas no binarias. En el caso de alumnos de primer ingreso en los centros universitarios, 11 mil 082 son mujeres, 9 mil 720 son hombres y 29 personas no binarias.<\/p>\n<p>&nbsp;<\/p>\n<p>En esta ocasi\u00f3n, el centro universitario con m\u00e1s personas de primer ingreso fue el Centro Universitario de Ciencias Econ\u00f3mico Administrativas (CUCEA), con 3 mil 273 nuevos alumnos.<\/p>\n<p>&nbsp;<\/p>\n<p>\u201cA todos los alumnos les recomendamos estar pendientes de su plataforma Leo, descargar y, de ser posible, imprimir su horario; que se cercioren de que sus materias est\u00e9n registradas en la plataforma. Toda la informaci\u00f3n que la universidad destaca siempre ser\u00e1 publicada en las redes sociales y p\u00e1ginas oficiales\u201d, mencion\u00f3.<\/p>\n<p>&nbsp;<\/p>\n<p>El reencuentro y la uni\u00f3n a la manada UdeG<\/p>\n<p>En este primer d\u00eda de clases alumnos del Centro Universitario de Ciencias Sociales y Humanidades (CUCSH) compartieron su sentir, motivaciones y expectativas tras el arranque del ciclo escolar 2025-B.<\/p>\n<p>&nbsp;<\/p>\n<p>Mar\u00eda Blanco, estudiante de quinto semestre de la carrera de Abogado, dijo sentirse feliz y con muy buenas expectativas en este primer d\u00eda de clases: \u201cExtra\u00f1aba mucho la convivencia de mis grupos de estudio y a mis amigos, tambi\u00e9n las \u00e1reas verdes del CUCSH, sobre todo ese olor tan peculiar que desprenden los jardines. Tengo muchas expectativas y ganas de iniciar este semestre porque me tocar\u00e1 enfrentarme con materias m\u00e1s especializadas dentro de mi carrera\u201d, coment\u00f3.<\/p>\n<p>&nbsp;<\/p>\n<p>Daniel Zayas, estudiante de nuevo ingreso en la licenciatura de Escritura creativa, dijo sentirse emocionado y nervioso por arrancar con esta nueva etapa de estudio: \u201cFue dif\u00edcil elegir una carrera, pero al buscar logr\u00e9 encontrar Escritura creativa, la cual se adapta a lo que yo buscaba. A pesar de la poca fe que se tiene \u00faltimamente en las carreras sociales, yo me anim\u00e9 porque esto era lo que me gustaba y tengo confianza en ello\u201d, dijo.<\/p>\n<p>&nbsp;<\/p>\n","protected":false},"excerpt":{"rendered":"<p>Inici\u00f3 el calendario escolar 2025-B; esta Casa de Estudio recibe a m\u00e1s de 89 mil nuevos alumnos Este lunes 11 de agosto volvieron a las aulas 342 mil 076 alumnos tanto del Sistema de Educaci\u00f3n Media Superior (SEMS) como de las licenciaturas de los distintos centros universitarios de la Universidad de Guadalajara, iniciando as\u00ed oficialmente &hellip; <\/p>\n<p><a class=\"more-link btn\" href=\"https:\/\/lamendigapolitica.com\/?p=81497\">Seguir leyendo<\/a><\/p>\n","protected":false},"author":1,"featured_media":0,"comment_status":"open","ping_status":"closed","sticky":false,"template":"","format":"standard","meta":{"footnotes":""},"categories":[5],"tags":[],"class_list":["post-81497","post","type-post","status-publish","format-standard","hentry","category-partidos","item-wrap"],"_links":{"self":[{"href":"https:\/\/lamendigapolitica.com\/index.php?rest_route=\/wp\/v2\/posts\/81497","targetHints":{"allow":["GET"]}}],"collection":[{"href":"https:\/\/lamendigapolitica.com\/index.php?rest_route=\/wp\/v2\/posts"}],"about":[{"href":"https:\/\/lamendigapolitica.com\/index.php?rest_route=\/wp\/v2\/types\/post"}],"author":[{"embeddable":true,"href":"https:\/\/lamendigapolitica.com\/index.php?rest_route=\/wp\/v2\/users\/1"}],"replies":[{"embeddable":true,"href":"https:\/\/lamendigapolitica.com\/index.php?rest_route=%2Fwp%2Fv2%2Fcomments&post=81497"}],"version-history":[{"count":1,"href":"https:\/\/lamendigapolitica.com\/index.php?rest_route=\/wp\/v2\/posts\/81497\/revisions"}],"predecessor-version":[{"id":81499,"href":"https:\/\/lamendigapolitica.com\/index.php?rest_route=\/wp\/v2\/posts\/81497\/revisions\/81499"}],"wp:attachment":[{"href":"https:\/\/lamendigapolitica.com\/index.php?rest_route=%2Fwp%2Fv2%2Fmedia&parent=81497"}],"wp:term":[{"taxonomy":"category","embeddable":true,"href":"https:\/\/lamendigapolitica.com\/index.php?rest_route=%2Fwp%2Fv2%2Fcategories&post=81497"},{"taxonomy":"post_tag","embeddable":true,"href":"https:\/\/lamendigapolitica.com\/index.php?rest_route=%2Fwp%2Fv2%2Ftags&post=81497"}],"curies":[{"name":"wp","href":"https:\/\/api.w.org\/{rel}","templated":true}]}}