{"id":81494,"date":"2025-08-11T22:16:56","date_gmt":"2025-08-12T04:16:56","guid":{"rendered":"https:\/\/lamendigapolitica.com\/?p=81494"},"modified":"2025-08-13T22:23:09","modified_gmt":"2025-08-14T04:23:09","slug":"zapopan-cumple-a-afectados-por-tormenta-en-la-martinica-y-lomas-de-tabachines","status":"publish","type":"post","link":"https:\/\/lamendigapolitica.com\/?p=81494","title":{"rendered":"Zapopan cumple a afectados por tormenta en La Martinica y Lomas de Tabachines"},"content":{"rendered":"<p><img loading=\"lazy\" decoding=\"async\" class=\"aligncenter size-full wp-image-81495\" src=\"https:\/\/lamendigapolitica.com\/wp-content\/uploads\/2025\/08\/54715078638_d66252844f_c.jpg\" alt=\"\" width=\"799\" height=\"533\" srcset=\"https:\/\/lamendigapolitica.com\/wp-content\/uploads\/2025\/08\/54715078638_d66252844f_c.jpg 799w, https:\/\/lamendigapolitica.com\/wp-content\/uploads\/2025\/08\/54715078638_d66252844f_c-300x200.jpg 300w, https:\/\/lamendigapolitica.com\/wp-content\/uploads\/2025\/08\/54715078638_d66252844f_c-768x512.jpg 768w, https:\/\/lamendigapolitica.com\/wp-content\/uploads\/2025\/08\/54715078638_d66252844f_c-555x370.jpg 555w\" sizes=\"auto, (max-width: 799px) 100vw, 799px\" \/><\/p>\n<p>A un mes de las inundaciones, el Gobierno Municipal entrega los apoyos destinados a 144 viviendas y 31 negocios que tuvieron p\u00e9rdidas<\/p>\n<p>De una bolsa de 10 millones de pesos, familias recibieron cheques de hasta 45 mil pesos; comercios tendr\u00e1n cr\u00e9ditos para reactivaci\u00f3n<\/p>\n<p>A menos de un mes de las fuertes lluvias que provocaron da\u00f1os en las colonias Lomas de Tabachines y La Martinica, el Gobierno de Zapopan cumpli\u00f3 el compromiso de respaldar a las familias y comercios damnificados, con la entrega de apoyos econ\u00f3micos y en especie para impulsar su recuperaci\u00f3n.<!--more--><\/p>\n<p>El evento, realizado en la Unidad Deportiva Lomas de Tabachines, reuni\u00f3 a vecinas y vecinos damnificados, as\u00ed como a autoridades municipales encabezadas por el Presidente Municipal, Juan Jos\u00e9 Frangie, quien record\u00f3 que la atenci\u00f3n a la emergencia inici\u00f3 desde las primeras horas posteriores a la tormenta del pasado 15 de julio.<\/p>\n<p>\u201cCuando llegu\u00e9 aqu\u00ed a las 5:30 de la ma\u00f1ana me compromet\u00ed a apoyarlos, y mi palabra est\u00e1 por encima de cualquier contrato o ley. Hoy estamos cumpliendo ese compromiso con hechos\u201d, afirm\u00f3.<\/p>\n<p>A trav\u00e9s de la Coordinaci\u00f3n General de Desarrollo Econ\u00f3mico y Combate a la Desigualdad, el municipio destin\u00f3 una bolsa presupuestal de 10 millones de pesos para 144 viviendas y 31 negocios afectados.<\/p>\n<p>Cada familia recibi\u00f3 un cheque hasta por 45 mil pesos y, en algunos casos, menaje para reponer sus bienes da\u00f1ados. Los comercios podr\u00e1n acceder a cr\u00e9ditos de hasta 65 mil pesos para su reactivaci\u00f3n.<\/p>\n<p>El coordinador general, Salvador Villase\u00f1or Aldama, destac\u00f3 que este apoyo se entrega de manera directa y transparente, con base en los censos realizados casa por casa y negocio por negocio.<\/p>\n<p>\u201cEste recurso no es un favor, es un derecho que ustedes tienen como contribuyentes, y lo estamos entregando de forma r\u00e1pida para que puedan recuperar lo m\u00e1s pronto posible su patrimonio\u201d, se\u00f1al\u00f3.<\/p>\n<p>Durante el acto, se guard\u00f3 un minuto de silencio en memoria de la ni\u00f1a Abigail Cruz, quien lamentablemente perdi\u00f3 la vida durante la tormenta.<\/p>\n<p>\u201cNos da mucha tranquilidad\u201d<\/p>\n<p>En representaci\u00f3n de las familias afectadas, Mar\u00eda Guadalupe Cabral Monta\u00f1ez, vecina de la zona, agradeci\u00f3 la pronta respuesta del Gobierno Municipal. \u201cEse d\u00eda fue muy dif\u00edcil, pero desde las primeras horas llegaron a apoyarnos. Hoy recibimos este cheque que nos ayudar\u00e1 a recuperar lo que perdimos. Saber que no estamos solos nos da mucha tranquilidad\u201d.<\/p>\n<p>El Gobierno de Zapopan reafirm\u00f3 que la entrega de apoyos es solo el primer paso en un plan integral para fortalecer la infraestructura pluvial de la zona y proteger a las familias en pr\u00f3ximas temporadas de lluvias.<\/p>\n<p>&nbsp;<\/p>\n<p>&nbsp;<\/p>\n","protected":false},"excerpt":{"rendered":"<p>A un mes de las inundaciones, el Gobierno Municipal entrega los apoyos destinados a 144 viviendas y 31 negocios que tuvieron p\u00e9rdidas De una bolsa de 10 millones de pesos, familias recibieron cheques de hasta 45 mil pesos; comercios tendr\u00e1n cr\u00e9ditos para reactivaci\u00f3n A menos de un mes de las fuertes lluvias que provocaron da\u00f1os &hellip; <\/p>\n<p><a class=\"more-link btn\" href=\"https:\/\/lamendigapolitica.com\/?p=81494\">Seguir leyendo<\/a><\/p>\n","protected":false},"author":1,"featured_media":0,"comment_status":"open","ping_status":"closed","sticky":false,"template":"","format":"standard","meta":{"footnotes":""},"categories":[5],"tags":[],"class_list":["post-81494","post","type-post","status-publish","format-standard","hentry","category-partidos","item-wrap"],"_links":{"self":[{"href":"https:\/\/lamendigapolitica.com\/index.php?rest_route=\/wp\/v2\/posts\/81494","targetHints":{"allow":["GET"]}}],"collection":[{"href":"https:\/\/lamendigapolitica.com\/index.php?rest_route=\/wp\/v2\/posts"}],"about":[{"href":"https:\/\/lamendigapolitica.com\/index.php?rest_route=\/wp\/v2\/types\/post"}],"author":[{"embeddable":true,"href":"https:\/\/lamendigapolitica.com\/index.php?rest_route=\/wp\/v2\/users\/1"}],"replies":[{"embeddable":true,"href":"https:\/\/lamendigapolitica.com\/index.php?rest_route=%2Fwp%2Fv2%2Fcomments&post=81494"}],"version-history":[{"count":1,"href":"https:\/\/lamendigapolitica.com\/index.php?rest_route=\/wp\/v2\/posts\/81494\/revisions"}],"predecessor-version":[{"id":81496,"href":"https:\/\/lamendigapolitica.com\/index.php?rest_route=\/wp\/v2\/posts\/81494\/revisions\/81496"}],"wp:attachment":[{"href":"https:\/\/lamendigapolitica.com\/index.php?rest_route=%2Fwp%2Fv2%2Fmedia&parent=81494"}],"wp:term":[{"taxonomy":"category","embeddable":true,"href":"https:\/\/lamendigapolitica.com\/index.php?rest_route=%2Fwp%2Fv2%2Fcategories&post=81494"},{"taxonomy":"post_tag","embeddable":true,"href":"https:\/\/lamendigapolitica.com\/index.php?rest_route=%2Fwp%2Fv2%2Ftags&post=81494"}],"curies":[{"name":"wp","href":"https:\/\/api.w.org\/{rel}","templated":true}]}}