{"id":81473,"date":"2025-08-05T20:10:56","date_gmt":"2025-08-06T02:10:56","guid":{"rendered":"https:\/\/lamendigapolitica.com\/?p=81473"},"modified":"2025-08-06T20:13:08","modified_gmt":"2025-08-07T02:13:08","slug":"gobernador-pablo-lemus-entrega-patrullas-a-puerto-vallarta","status":"publish","type":"post","link":"https:\/\/lamendigapolitica.com\/?p=81473","title":{"rendered":"Gobernador Pablo Lemus entrega patrullas a Puerto Vallarta"},"content":{"rendered":"<p><img loading=\"lazy\" decoding=\"async\" class=\"aligncenter size-full wp-image-81474\" src=\"https:\/\/lamendigapolitica.com\/wp-content\/uploads\/2025\/08\/COMUNICADO-877-3.jpeg\" alt=\"\" width=\"1288\" height=\"859\" srcset=\"https:\/\/lamendigapolitica.com\/wp-content\/uploads\/2025\/08\/COMUNICADO-877-3.jpeg 1288w, https:\/\/lamendigapolitica.com\/wp-content\/uploads\/2025\/08\/COMUNICADO-877-3-300x200.jpeg 300w, https:\/\/lamendigapolitica.com\/wp-content\/uploads\/2025\/08\/COMUNICADO-877-3-1024x683.jpeg 1024w, https:\/\/lamendigapolitica.com\/wp-content\/uploads\/2025\/08\/COMUNICADO-877-3-768x512.jpeg 768w, https:\/\/lamendigapolitica.com\/wp-content\/uploads\/2025\/08\/COMUNICADO-877-3-555x370.jpeg 555w\" sizes=\"auto, (max-width: 1288px) 100vw, 1288px\" \/><\/p>\n<p>\u2022 El alcalde Luis Mungu\u00eda recibi\u00f3 las llaves de las unidades y agradeci\u00f3 al mandatario estatal por este apoyo<\/p>\n<p>Este martes, el gobernador Pablo Lemus hizo entrega de cuatro patrullas pick-up equipadas y rotuladas al Ayuntamiento de Puerto Vallarta, con el objetivo de reforzar la seguridad p\u00fablica en la ciudad. El alcalde Luis Mungu\u00eda recibi\u00f3 las llaves de las unidades con agradecimiento y destac\u00f3 la importancia de contar con herramientas adecuadas para garantizar la seguridad de los ciudadanos.<!--more--><\/p>\n<p>\u00abCon estas patrullas, estamos fortaleciendo nuestra capacidad para proteger a la comunidad y brindar una mejor respuesta a sus necesidades\u00bb, afirm\u00f3 el alcalde. La entrega de patrullas se realiz\u00f3 gracias al Fondo de Aportaciones para la Seguridad P\u00fablica (FASP) y el Fondo para el Fortalecimiento de las Instituciones de Seguridad P\u00fablica (FOFISP), que buscan reforzar la capacidad de respuesta y la eficacia de las fuerzas de seguridad en la regi\u00f3n.<\/p>\n<p>El gobernador Pablo Lemus reiter\u00f3 su compromiso con la seguridad y el bienestar de los ciudadanos de Jalisco, trabajando incansablemente para construir un futuro m\u00e1s seguro y pr\u00f3spero para todos. Durante la entrega, el alcalde Luis Mungu\u00eda estuvo acompa\u00f1ado por el secretario general del Ayuntamiento, Jos\u00e9 Juan Vel\u00e1zquez Hern\u00e1ndez, y el comisario de Seguridad P\u00fablica, Eduardo Horacio Llanas Cuevas, quienes tambi\u00e9n destacaron la importancia de esta acci\u00f3n para la seguridad y el bienestar de la comunidad.<\/p>\n<p>Con estas nuevas unidades, la ciudad de Puerto Vallarta se prepara para enfrentar los desaf\u00edos de la seguridad con determinaci\u00f3n y confianza, protegiendo a sus habitantes, turistas y empresarios con eficacia y profesionalismo.<\/p>\n","protected":false},"excerpt":{"rendered":"<p>\u2022 El alcalde Luis Mungu\u00eda recibi\u00f3 las llaves de las unidades y agradeci\u00f3 al mandatario estatal por este apoyo Este martes, el gobernador Pablo Lemus hizo entrega de cuatro patrullas pick-up equipadas y rotuladas al Ayuntamiento de Puerto Vallarta, con el objetivo de reforzar la seguridad p\u00fablica en la ciudad. El alcalde Luis Mungu\u00eda recibi\u00f3 &hellip; <\/p>\n<p><a class=\"more-link btn\" href=\"https:\/\/lamendigapolitica.com\/?p=81473\">Seguir leyendo<\/a><\/p>\n","protected":false},"author":1,"featured_media":0,"comment_status":"open","ping_status":"closed","sticky":false,"template":"","format":"standard","meta":{"footnotes":""},"categories":[5],"tags":[],"class_list":["post-81473","post","type-post","status-publish","format-standard","hentry","category-partidos","item-wrap"],"_links":{"self":[{"href":"https:\/\/lamendigapolitica.com\/index.php?rest_route=\/wp\/v2\/posts\/81473","targetHints":{"allow":["GET"]}}],"collection":[{"href":"https:\/\/lamendigapolitica.com\/index.php?rest_route=\/wp\/v2\/posts"}],"about":[{"href":"https:\/\/lamendigapolitica.com\/index.php?rest_route=\/wp\/v2\/types\/post"}],"author":[{"embeddable":true,"href":"https:\/\/lamendigapolitica.com\/index.php?rest_route=\/wp\/v2\/users\/1"}],"replies":[{"embeddable":true,"href":"https:\/\/lamendigapolitica.com\/index.php?rest_route=%2Fwp%2Fv2%2Fcomments&post=81473"}],"version-history":[{"count":1,"href":"https:\/\/lamendigapolitica.com\/index.php?rest_route=\/wp\/v2\/posts\/81473\/revisions"}],"predecessor-version":[{"id":81475,"href":"https:\/\/lamendigapolitica.com\/index.php?rest_route=\/wp\/v2\/posts\/81473\/revisions\/81475"}],"wp:attachment":[{"href":"https:\/\/lamendigapolitica.com\/index.php?rest_route=%2Fwp%2Fv2%2Fmedia&parent=81473"}],"wp:term":[{"taxonomy":"category","embeddable":true,"href":"https:\/\/lamendigapolitica.com\/index.php?rest_route=%2Fwp%2Fv2%2Fcategories&post=81473"},{"taxonomy":"post_tag","embeddable":true,"href":"https:\/\/lamendigapolitica.com\/index.php?rest_route=%2Fwp%2Fv2%2Ftags&post=81473"}],"curies":[{"name":"wp","href":"https:\/\/api.w.org\/{rel}","templated":true}]}}