{"id":81443,"date":"2025-07-29T12:29:02","date_gmt":"2025-07-29T18:29:02","guid":{"rendered":"https:\/\/lamendigapolitica.com\/?p=81443"},"modified":"2025-07-30T12:33:09","modified_gmt":"2025-07-30T18:33:09","slug":"todo-listo-para-el-festival-del-taco-2025-en-tlajomulco","status":"publish","type":"post","link":"https:\/\/lamendigapolitica.com\/?p=81443","title":{"rendered":"Todo listo para el Festival del Taco 2025 en Tlajomulco"},"content":{"rendered":"<p><img loading=\"lazy\" decoding=\"async\" class=\"aligncenter size-full wp-image-81444\" src=\"https:\/\/lamendigapolitica.com\/wp-content\/uploads\/2025\/07\/54687700410_79947e14d7_c.jpg\" alt=\"\" width=\"799\" height=\"533\" srcset=\"https:\/\/lamendigapolitica.com\/wp-content\/uploads\/2025\/07\/54687700410_79947e14d7_c.jpg 799w, https:\/\/lamendigapolitica.com\/wp-content\/uploads\/2025\/07\/54687700410_79947e14d7_c-300x200.jpg 300w, https:\/\/lamendigapolitica.com\/wp-content\/uploads\/2025\/07\/54687700410_79947e14d7_c-768x512.jpg 768w, https:\/\/lamendigapolitica.com\/wp-content\/uploads\/2025\/07\/54687700410_79947e14d7_c-555x370.jpg 555w\" sizes=\"auto, (max-width: 799px) 100vw, 799px\" \/><\/p>\n<p>El evento gratuito y familiar reunir\u00e1 a m\u00e1s de 30 taquer\u00edas locales, artesanos, m\u00fasica en vivo y actividades para impulsar el consumo local y celebrar la identidad cultural a trav\u00e9s de uno de los platillos m\u00e1s representativos de M\u00e9xico<\/p>\n<p>Este pr\u00f3ximo domingo 3 de agosto de 2025, la plaza principal de la cabecera municipal de Tlajomulco ser\u00e1 sede de la segunda edici\u00f3n del Festival del Taco, una celebraci\u00f3n gratuita, familiar y llena de sabor, que tiene como objetivo enaltecer uno de los \u00edconos m\u00e1s representativos de la gastronom\u00eda mexicana: el taco.<!--more--><\/p>\n<p>&nbsp;<\/p>\n<p>Este evento, que se desarrollar\u00e1 de 13:00 a 20:00 horas, busca impulsar el consumo local, fortalecer la econom\u00eda de taquer\u00edas, comerciantes y artesanos del municipio, as\u00ed como fomentar la convivencia comunitaria y el orgullo por nuestras tradiciones.<\/p>\n<p>&nbsp;<\/p>\n<p>Durante el festival, m\u00e1s de 30 taquer\u00edas locales ofrecer\u00e1n una gran variedad de tacos, entre ellos: pastor, carnitas, suadero, cabeza, lengua, tripa, dorados, de canasta y m\u00e1s. Adem\u00e1s, se llevar\u00e1 a cabo el concurso \u201cEl m\u00e1s trag\u00f3n de tacos\u201d, una competencia divertida que otorgar\u00e1 premios especiales a los participantes m\u00e1s entusiastas.<\/p>\n<p>&nbsp;<\/p>\n<p>El evento tambi\u00e9n contar\u00e1 con una expo artesanal, donde artesanos del municipio exhibir\u00e1n y vender\u00e1n sus productos, adem\u00e1s de realizar demostraciones de t\u00e9cnicas tradicionales.<\/p>\n<p>&nbsp;<\/p>\n<p>La jornada estar\u00e1 amenizada con un escenario art\u00edstico que incluir\u00e1 presentaciones del Mariachi Tradicional de Tlajomulco, la Banda Municipal, un grupo norte\u00f1o moderno, la presentaci\u00f3n del cantante Luis Alvarado, el grupo de baile moderno del Colegio Santa Cruz, una marimba tradicional y la actuaci\u00f3n especial de un comediante invitado.<\/p>\n<p>&nbsp;<\/p>\n<p>En esta segunda edici\u00f3n, se espera la asistencia de m\u00e1s de 4 mil personas, incluyendo visitantes locales y regionales. Adem\u00e1s, se contar\u00e1 con la participaci\u00f3n activa del comercio local, que ofrecer\u00e1 elotes, nieves, frutas y una gran variedad de antojitos t\u00edpicos.<\/p>\n<p>&nbsp;<\/p>\n<p>Este festival representa una oportunidad importante para m\u00e1s de 30 microempresas locales, generando un impacto directo en el fortalecimiento del comercio formal e informal, el posicionamiento tur\u00edstico de Tlajomulco y el aumento de ventas en la zona centro.<\/p>\n<p>&nbsp;<\/p>\n<p>La segunda edici\u00f3n del Festival del Taco 2025 es un esfuerzo por celebrar nuestras ra\u00edces, impulsar la econom\u00eda local y compartir, a trav\u00e9s de la comida, el orgullo de ser tlajomulquense.<\/p>\n<p>&nbsp;<\/p>\n<p>El dato<\/p>\n<p>&nbsp;<\/p>\n<p>\u00b7 En M\u00e9xico, el taco es considerado Patrimonio Cultural Inmaterial de la Humanidad por su valor de identidad en la cocina tradicional mexicana, reconocida por la UNESCO desde 2010.<\/p>\n","protected":false},"excerpt":{"rendered":"<p>El evento gratuito y familiar reunir\u00e1 a m\u00e1s de 30 taquer\u00edas locales, artesanos, m\u00fasica en vivo y actividades para impulsar el consumo local y celebrar la identidad cultural a trav\u00e9s de uno de los platillos m\u00e1s representativos de M\u00e9xico Este pr\u00f3ximo domingo 3 de agosto de 2025, la plaza principal de la cabecera municipal de &hellip; <\/p>\n<p><a class=\"more-link btn\" href=\"https:\/\/lamendigapolitica.com\/?p=81443\">Seguir leyendo<\/a><\/p>\n","protected":false},"author":1,"featured_media":0,"comment_status":"open","ping_status":"closed","sticky":false,"template":"","format":"standard","meta":{"footnotes":""},"categories":[107,97,26,30,45,20,102,29,27,22,24],"tags":[],"class_list":["post-81443","post","type-post","status-publish","format-standard","hentry","category-alimentos","category-comunicacion","category-cultura","category-economia","category-featured","category-gobierno","category-municipio","category-salud","category-seguridad","category-sociales","category-turismo","item-wrap"],"_links":{"self":[{"href":"https:\/\/lamendigapolitica.com\/index.php?rest_route=\/wp\/v2\/posts\/81443","targetHints":{"allow":["GET"]}}],"collection":[{"href":"https:\/\/lamendigapolitica.com\/index.php?rest_route=\/wp\/v2\/posts"}],"about":[{"href":"https:\/\/lamendigapolitica.com\/index.php?rest_route=\/wp\/v2\/types\/post"}],"author":[{"embeddable":true,"href":"https:\/\/lamendigapolitica.com\/index.php?rest_route=\/wp\/v2\/users\/1"}],"replies":[{"embeddable":true,"href":"https:\/\/lamendigapolitica.com\/index.php?rest_route=%2Fwp%2Fv2%2Fcomments&post=81443"}],"version-history":[{"count":1,"href":"https:\/\/lamendigapolitica.com\/index.php?rest_route=\/wp\/v2\/posts\/81443\/revisions"}],"predecessor-version":[{"id":81445,"href":"https:\/\/lamendigapolitica.com\/index.php?rest_route=\/wp\/v2\/posts\/81443\/revisions\/81445"}],"wp:attachment":[{"href":"https:\/\/lamendigapolitica.com\/index.php?rest_route=%2Fwp%2Fv2%2Fmedia&parent=81443"}],"wp:term":[{"taxonomy":"category","embeddable":true,"href":"https:\/\/lamendigapolitica.com\/index.php?rest_route=%2Fwp%2Fv2%2Fcategories&post=81443"},{"taxonomy":"post_tag","embeddable":true,"href":"https:\/\/lamendigapolitica.com\/index.php?rest_route=%2Fwp%2Fv2%2Ftags&post=81443"}],"curies":[{"name":"wp","href":"https:\/\/api.w.org\/{rel}","templated":true}]}}