{"id":81437,"date":"2025-07-27T23:36:33","date_gmt":"2025-07-28T05:36:33","guid":{"rendered":"https:\/\/lamendigapolitica.com\/?p=81437"},"modified":"2025-07-29T00:01:06","modified_gmt":"2025-07-29T06:01:06","slug":"rehabilitaran-glorieta-de-la-minerva-sin-cierres-en-carriles-de-circulacion","status":"publish","type":"post","link":"https:\/\/lamendigapolitica.com\/?p=81437","title":{"rendered":"Rehabilitar\u00e1n Glorieta de La Minerva sin cierres en carriles de circulaci\u00f3n"},"content":{"rendered":"<p><img loading=\"lazy\" decoding=\"async\" class=\"aligncenter size-full wp-image-81438\" src=\"https:\/\/lamendigapolitica.com\/wp-content\/uploads\/2025\/07\/22.jpg\" alt=\"\" width=\"1096\" height=\"624\" srcset=\"https:\/\/lamendigapolitica.com\/wp-content\/uploads\/2025\/07\/22.jpg 1096w, https:\/\/lamendigapolitica.com\/wp-content\/uploads\/2025\/07\/22-300x171.jpg 300w, https:\/\/lamendigapolitica.com\/wp-content\/uploads\/2025\/07\/22-1024x583.jpg 1024w, https:\/\/lamendigapolitica.com\/wp-content\/uploads\/2025\/07\/22-768x437.jpg 768w, https:\/\/lamendigapolitica.com\/wp-content\/uploads\/2025\/07\/22-555x316.jpg 555w\" sizes=\"auto, (max-width: 1096px) 100vw, 1096px\" \/><\/p>\n<p>El proyecto se centra en generar un espacio m\u00e1s accesible, seguro, iluminado y ordenado para todas las personas que circulan por la glorieta, en auto o a pie<\/p>\n<p>Las obras no contemplan la peatonalizaci\u00f3n de la glorieta, cierres viales o la reducci\u00f3n de carriles<\/p>\n<p>Con el fin de brindar informaci\u00f3n precisa a la ciudadan\u00eda sobre los trabajos de intervenci\u00f3n que realizar\u00e1 en la Glorieta de La Minerva, el Gobierno de Jalisco, a trav\u00e9s de la Secretar\u00eda de Infraestructura y Obra P\u00fablica (SIOP), reitera que la intervenci\u00f3n no contempla ni cierres viales ni peatonalizaci\u00f3n, tal como se especific\u00f3 el 16 de julio de 2025, en conferencia de prensa.<!--more--><\/p>\n<p>La rehabilitaci\u00f3n de este sitio emblem\u00e1tico de Guadalajara, tiene como objetivo principal recuperar su vocaci\u00f3n de espacio p\u00fablico accesible y seguro, sin que esto implique la peatonalizaci\u00f3n de la glorieta, cierres a la circulaci\u00f3n, ni la eliminaci\u00f3n de carriles.<\/p>\n<p>Las acciones previstas se enfocar\u00e1n en el reordenamiento vial de los carriles existentes, optimizaci\u00f3n del flujo tanto vehicular como peatonal, mejoramiento de la sincronizaci\u00f3n de los sem\u00e1foros, se\u00f1al\u00e9tica horizontal y vertical, el mobiliario urbano, as\u00ed como la integraci\u00f3n segura de las personas al entorno.<\/p>\n<p>Sobre dichas acciones es necesario realizar las siguientes precisiones:<\/p>\n<p>-El proyecto s\u00ed incluye la\u00a0 construcci\u00f3n de un andador peatonal alrededor de la fuente.<\/p>\n<p>-Rehabilitaci\u00f3n de banquetas y cruceros seguros.<\/p>\n<p>-Sincronizaci\u00f3n de sem\u00e1foros, para facilitar el cruce peatonal desde bah\u00edas de resguardo.<\/p>\n<p>-Reposici\u00f3n de se\u00f1al\u00e9tica horizontal y vertical.<\/p>\n<p>-Renovaci\u00f3n de la iluminaci\u00f3n.<\/p>\n<p>-Mejora del paisaje urbano con nuevo mobiliario, vegetaci\u00f3n y zonas de estar.<\/p>\n<p>Se precisa que el proyecto no incluye peatonalizaci\u00f3n de la Glorieta de La Minerva, instalaci\u00f3n de topes, reducciones de carriles, restricciones a la circulaci\u00f3n, ni la construcci\u00f3n de un t\u00fanel peatonal para acceder a ella.<\/p>\n<p>La Glorieta de La Minerva, s\u00edmbolo indiscutible de la identidad tapat\u00eda, forma parte de un plan integral de recuperaci\u00f3n de espacios p\u00fablicos con alto valor patrimonial, urbano y cultural.<\/p>\n<p>La rehabilitaci\u00f3n har\u00e1 compatible la movilidad eficiente con entornos accesibles y dignos para todas y todos.<\/p>\n","protected":false},"excerpt":{"rendered":"<p>El proyecto se centra en generar un espacio m\u00e1s accesible, seguro, iluminado y ordenado para todas las personas que circulan por la glorieta, en auto o a pie Las obras no contemplan la peatonalizaci\u00f3n de la glorieta, cierres viales o la reducci\u00f3n de carriles Con el fin de brindar informaci\u00f3n precisa a la ciudadan\u00eda sobre &hellip; <\/p>\n<p><a class=\"more-link btn\" href=\"https:\/\/lamendigapolitica.com\/?p=81437\">Seguir leyendo<\/a><\/p>\n","protected":false},"author":1,"featured_media":0,"comment_status":"open","ping_status":"closed","sticky":false,"template":"","format":"standard","meta":{"footnotes":""},"categories":[97,20,38,22,41,24],"tags":[],"class_list":["post-81437","post","type-post","status-publish","format-standard","hentry","category-comunicacion","category-gobierno","category-movilidad","category-sociales","category-tecnologia","category-turismo","item-wrap"],"_links":{"self":[{"href":"https:\/\/lamendigapolitica.com\/index.php?rest_route=\/wp\/v2\/posts\/81437","targetHints":{"allow":["GET"]}}],"collection":[{"href":"https:\/\/lamendigapolitica.com\/index.php?rest_route=\/wp\/v2\/posts"}],"about":[{"href":"https:\/\/lamendigapolitica.com\/index.php?rest_route=\/wp\/v2\/types\/post"}],"author":[{"embeddable":true,"href":"https:\/\/lamendigapolitica.com\/index.php?rest_route=\/wp\/v2\/users\/1"}],"replies":[{"embeddable":true,"href":"https:\/\/lamendigapolitica.com\/index.php?rest_route=%2Fwp%2Fv2%2Fcomments&post=81437"}],"version-history":[{"count":1,"href":"https:\/\/lamendigapolitica.com\/index.php?rest_route=\/wp\/v2\/posts\/81437\/revisions"}],"predecessor-version":[{"id":81439,"href":"https:\/\/lamendigapolitica.com\/index.php?rest_route=\/wp\/v2\/posts\/81437\/revisions\/81439"}],"wp:attachment":[{"href":"https:\/\/lamendigapolitica.com\/index.php?rest_route=%2Fwp%2Fv2%2Fmedia&parent=81437"}],"wp:term":[{"taxonomy":"category","embeddable":true,"href":"https:\/\/lamendigapolitica.com\/index.php?rest_route=%2Fwp%2Fv2%2Fcategories&post=81437"},{"taxonomy":"post_tag","embeddable":true,"href":"https:\/\/lamendigapolitica.com\/index.php?rest_route=%2Fwp%2Fv2%2Ftags&post=81437"}],"curies":[{"name":"wp","href":"https:\/\/api.w.org\/{rel}","templated":true}]}}