{"id":81428,"date":"2025-07-25T22:37:17","date_gmt":"2025-07-26T04:37:17","guid":{"rendered":"https:\/\/lamendigapolitica.com\/?p=81428"},"modified":"2025-07-28T22:51:17","modified_gmt":"2025-07-29T04:51:17","slug":"alertan-sobre-disminucion-de-luciernagas-por-urbanizacion-y-cambio-climatico","status":"publish","type":"post","link":"https:\/\/lamendigapolitica.com\/?p=81428","title":{"rendered":"Alertan sobre disminuci\u00f3n de luci\u00e9rnagas por urbanizaci\u00f3n y cambio clim\u00e1tico"},"content":{"rendered":"<p><img loading=\"lazy\" decoding=\"async\" class=\"aligncenter size-full wp-image-81429\" src=\"https:\/\/lamendigapolitica.com\/wp-content\/uploads\/2025\/07\/43.jpg\" alt=\"\" width=\"1358\" height=\"782\" srcset=\"https:\/\/lamendigapolitica.com\/wp-content\/uploads\/2025\/07\/43.jpg 1358w, https:\/\/lamendigapolitica.com\/wp-content\/uploads\/2025\/07\/43-300x173.jpg 300w, https:\/\/lamendigapolitica.com\/wp-content\/uploads\/2025\/07\/43-1024x590.jpg 1024w, https:\/\/lamendigapolitica.com\/wp-content\/uploads\/2025\/07\/43-768x442.jpg 768w, https:\/\/lamendigapolitica.com\/wp-content\/uploads\/2025\/07\/43-555x320.jpg 555w\" sizes=\"auto, (max-width: 1358px) 100vw, 1358px\" \/><\/p>\n<p>Experto propone colaboraci\u00f3n institucional, gubernamental y ciudadana para conservar h\u00e1bitats y evitar una crisis ambiental derivada por las transformaciones que genera la actividad humana<\/p>\n<p>La poblaci\u00f3n de luci\u00e9rnagas en el Occidente de M\u00e9xico se desplaza y disminuye por cambio de uso de suelo, la p\u00e9rdida de vegetaci\u00f3n y el cambio clim\u00e1tico; una se\u00f1al del da\u00f1o que se hace a los ecosistemas de regiones de Casimiro Castillo, la Sierra de Manantl\u00e1n, el bosque mes\u00f3filo de Talpa, adem\u00e1s de municipios como Magdalena y Etzatl\u00e1n.<!--more--><\/p>\n<p>&nbsp;<\/p>\n<p>El entom\u00f3logo, especialista en ecolog\u00eda y sistem\u00e1tica de cole\u00f3ptera del Centro Universitario de Ciencias Biol\u00f3gica y Agropecuarias (CUCBA) de la UdeG, doctor Jos\u00e9 Luis Navarrete Heredia, explic\u00f3 que las luci\u00e9rnagas, adem\u00e1s de su capacidad de bioluminiscencia, son organismos que se alimentan de otros artr\u00f3podos y desempe\u00f1an un papel importante en los ciclos ecol\u00f3gicos.<\/p>\n<p>&nbsp;<\/p>\n<p>La actividad humana, como el cambio de uso de suelo, impacta a estos insectos del orden de los cole\u00f3pteros o escarabajos. \u201cEsto implica que la construcci\u00f3n de vivienda o comercios afecta de manera directa sobre las poblaciones de luci\u00e9rnagas y sobre su h\u00e1bitat\u201d, explic\u00f3.<\/p>\n<p>&nbsp;<\/p>\n<p>En este sentido, apunt\u00f3, el avance de la mancha urbana y la instalaci\u00f3n de luminarias afectan su ciclo reproductivo, pues necesitan oscuridad. Adem\u00e1s, se destruye la vegetaci\u00f3n nativa, su fuente de alimento.<\/p>\n<p>&nbsp;<\/p>\n<p>\u201cCon estas transformaciones disminuye el n\u00famero de las plantas utilizadas como alimento. Tambi\u00e9n se interrumpe la polinizaci\u00f3n, que rompe el ciclo para tener una producci\u00f3n de alimento constante\u201d, dijo.<\/p>\n<p>&nbsp;<\/p>\n<p>Seg\u00fan Navarrete Heredia, el cambio clim\u00e1tico tiene consecuencias en las din\u00e1micas de las poblaciones de luci\u00e9rnagas, porque adem\u00e1s de ser un factor en su disminuci\u00f3n, otras especies ocupan sitios en los que antes no se encontraban.<\/p>\n<p>&nbsp;<\/p>\n<p>\u201cPor ejemplo, algunas especies de insectos de zonas tropicales ya se encuentran en lugares m\u00e1s altos, porque las temperaturas de localidades como Mazamitla o Tapalpa, ya no son tan fr\u00edas. Algunas especies han logrado colonizar \u00e1reas que por el cambio clim\u00e1tico se les facilita su colonizaci\u00f3n\u201d, apunt\u00f3.<\/p>\n<p>&nbsp;<\/p>\n<p>La conservaci\u00f3n de esta especie, considerada carism\u00e1tica \u2013como las mariposas, estimadas por sus colores\u2013, puede ayudar a generar pol\u00edticas p\u00fablicas en torno a ellas y otras especies en la zona donde conviven.<\/p>\n<p>&nbsp;<\/p>\n<p>\u201cSe puede propiciar el cuidado de \u00e1reas para la conservaci\u00f3n de luci\u00e9rnagas o de cualquier especie carism\u00e1tica, hay muchos argumentos, y con ello tambi\u00e9n conservar otras especies de animales y plantas que puedan existir en esos sitios\u201d, subray\u00f3 Navarrete Heredia.<\/p>\n<p>&nbsp;<\/p>\n<p>Sin embargo, no hay datos cuantitativos sobre la disminuci\u00f3n de las luci\u00e9rnagas. \u201cSon pocos los estudios previos que hagan referencia a la poblaci\u00f3n entre las d\u00e9cadas de 60 y 80, para ver una disminuci\u00f3n de la poblaci\u00f3n en fechas actuales \u2013declar\u00f3\u2013. Todos los comentarios y especulaciones se hacen m\u00e1s por observaciones que por datos cuantitativos\u201d.<\/p>\n<p>&nbsp;<\/p>\n<p>Instituciones como la UNAM y organizaciones de ciencia ciudadana, liderados por el doctor Santiago Zaragoza Caballero, han impulsado programas de investigaci\u00f3n, educaci\u00f3n ambiental y monitoreo participativo.<\/p>\n<p>&nbsp;<\/p>\n<p>\u201cHay un grupo muy fuerte en M\u00e9xico que est\u00e1 tratando de hacer investigaci\u00f3n cient\u00edfica y, al mismo tiempo, ciencia ciudadana para concientizar a comunidades y visitantes sobre la problem\u00e1tica en relaci\u00f3n con estos insectos\u201d, detall\u00f3.<\/p>\n<p>&nbsp;<\/p>\n<p>Concluy\u00f3 que aunque en M\u00e9xico hay decretos de \u00e1reas naturales protegidas, no existe seguimiento y vigilancia estricta para su conservaci\u00f3n.<\/p>\n<p>&nbsp;<\/p>\n<p>\u201cUno de estos casos es el Bosque La Primavera, que al no tener suficiente personal de vigilancia, el descuido puede ocasionar incendios de importancia\u201d, dijo Navarrete Heredia.<\/p>\n","protected":false},"excerpt":{"rendered":"<p>Experto propone colaboraci\u00f3n institucional, gubernamental y ciudadana para conservar h\u00e1bitats y evitar una crisis ambiental derivada por las transformaciones que genera la actividad humana La poblaci\u00f3n de luci\u00e9rnagas en el Occidente de M\u00e9xico se desplaza y disminuye por cambio de uso de suelo, la p\u00e9rdida de vegetaci\u00f3n y el cambio clim\u00e1tico; una se\u00f1al del da\u00f1o &hellip; <\/p>\n<p><a class=\"more-link btn\" href=\"https:\/\/lamendigapolitica.com\/?p=81428\">Seguir leyendo<\/a><\/p>\n","protected":false},"author":1,"featured_media":0,"comment_status":"open","ping_status":"closed","sticky":false,"template":"","format":"standard","meta":{"footnotes":""},"categories":[101,42,26,43,28,45,22,41],"tags":[],"class_list":["post-81428","post","type-post","status-publish","format-standard","hentry","category-cine","category-clima","category-cultura","category-ecologia","category-educacion","category-featured","category-sociales","category-tecnologia","item-wrap"],"_links":{"self":[{"href":"https:\/\/lamendigapolitica.com\/index.php?rest_route=\/wp\/v2\/posts\/81428","targetHints":{"allow":["GET"]}}],"collection":[{"href":"https:\/\/lamendigapolitica.com\/index.php?rest_route=\/wp\/v2\/posts"}],"about":[{"href":"https:\/\/lamendigapolitica.com\/index.php?rest_route=\/wp\/v2\/types\/post"}],"author":[{"embeddable":true,"href":"https:\/\/lamendigapolitica.com\/index.php?rest_route=\/wp\/v2\/users\/1"}],"replies":[{"embeddable":true,"href":"https:\/\/lamendigapolitica.com\/index.php?rest_route=%2Fwp%2Fv2%2Fcomments&post=81428"}],"version-history":[{"count":1,"href":"https:\/\/lamendigapolitica.com\/index.php?rest_route=\/wp\/v2\/posts\/81428\/revisions"}],"predecessor-version":[{"id":81430,"href":"https:\/\/lamendigapolitica.com\/index.php?rest_route=\/wp\/v2\/posts\/81428\/revisions\/81430"}],"wp:attachment":[{"href":"https:\/\/lamendigapolitica.com\/index.php?rest_route=%2Fwp%2Fv2%2Fmedia&parent=81428"}],"wp:term":[{"taxonomy":"category","embeddable":true,"href":"https:\/\/lamendigapolitica.com\/index.php?rest_route=%2Fwp%2Fv2%2Fcategories&post=81428"},{"taxonomy":"post_tag","embeddable":true,"href":"https:\/\/lamendigapolitica.com\/index.php?rest_route=%2Fwp%2Fv2%2Ftags&post=81428"}],"curies":[{"name":"wp","href":"https:\/\/api.w.org\/{rel}","templated":true}]}}