{"id":81420,"date":"2025-07-23T22:45:04","date_gmt":"2025-07-24T04:45:04","guid":{"rendered":"https:\/\/lamendigapolitica.com\/?p=81420"},"modified":"2025-07-24T22:51:00","modified_gmt":"2025-07-25T04:51:00","slug":"sumate-a-la-limpieza-de-playas-en-olas-altas-y-camarones","status":"publish","type":"post","link":"https:\/\/lamendigapolitica.com\/?p=81420","title":{"rendered":"S\u00famate a la limpieza de playas en Olas Altas y Camarones"},"content":{"rendered":"<p><img loading=\"lazy\" decoding=\"async\" class=\"aligncenter size-full wp-image-81421\" src=\"https:\/\/lamendigapolitica.com\/wp-content\/uploads\/2025\/07\/COMUNICADO-825-4.jpeg\" alt=\"\" width=\"1080\" height=\"811\" srcset=\"https:\/\/lamendigapolitica.com\/wp-content\/uploads\/2025\/07\/COMUNICADO-825-4.jpeg 1080w, https:\/\/lamendigapolitica.com\/wp-content\/uploads\/2025\/07\/COMUNICADO-825-4-300x225.jpeg 300w, https:\/\/lamendigapolitica.com\/wp-content\/uploads\/2025\/07\/COMUNICADO-825-4-1024x769.jpeg 1024w, https:\/\/lamendigapolitica.com\/wp-content\/uploads\/2025\/07\/COMUNICADO-825-4-768x577.jpeg 768w, https:\/\/lamendigapolitica.com\/wp-content\/uploads\/2025\/07\/COMUNICADO-825-4-555x417.jpeg 555w\" sizes=\"auto, (max-width: 1080px) 100vw, 1080px\" \/><\/p>\n<p>&nbsp;<\/p>\n<p>\u00b7 Con 31 jornadas realizadas hasta la fecha, el gobierno del bien invita a participar en una nueva limpieza de playas este s\u00e1bado 26 de julio a las 7:30 a.m. en Olas Altas y Camarones.<\/p>\n<p>Con el fin de proteger nuestros ecosistemas costeros, este s\u00e1bado 26 de julio se llevar\u00e1 a cabo una jornada de limpieza en las playas Olas Altas y Camarones. La cita es a las 7:30 de la ma\u00f1ana en las letras de \u201cPuerto Vallarta\u201d, ubicadas en el malec\u00f3n. Esta actividad busca reducir la contaminaci\u00f3n que afecta al mar y a la flora y fauna marina.<!--more--><\/p>\n<p>Los oc\u00e9anos son considerados el pulm\u00f3n del planeta, ya que generan gran parte del ox\u00edgeno que respiramos. Sin embargo, la acumulaci\u00f3n de basura en playas y cuerpos de agua representa una amenaza constante. Por ello, el gobierno del bien, encabezado por el alcalde Luis Mungu\u00eda, impulsa estas acciones a trav\u00e9s de la Comisi\u00f3n Edilicia de Playas Limpias y Certificadas, presidida por el regidor Christian Bravo Carbajal.<\/p>\n<p>&nbsp;<\/p>\n<p>Hasta la fecha se han realizado 31 jornadas de limpieza, con la participaci\u00f3n de m\u00e1s de 5 mil personas voluntarias y la recolecci\u00f3n de poco m\u00e1s de 147 toneladas de residuos. Estas cifras reflejan el impacto positivo del trabajo conjunto entre sociedad y autoridades.<\/p>\n<p>&nbsp;<\/p>\n<p>El gobierno de bien hace un llamado a la ciudadan\u00eda a sumarse a esta causa llevando ropa c\u00f3moda, gorra, guantes, bloqueador solar y agua. Cuidar nuestras playas es responsabilidad de todas y todos, y requiere del compromiso activo de la ciudadan\u00eda para lograr un entorno m\u00e1s limpio, sano y sostenible.<\/p>\n","protected":false},"excerpt":{"rendered":"<p>&nbsp; \u00b7 Con 31 jornadas realizadas hasta la fecha, el gobierno del bien invita a participar en una nueva limpieza de playas este s\u00e1bado 26 de julio a las 7:30 a.m. en Olas Altas y Camarones. Con el fin de proteger nuestros ecosistemas costeros, este s\u00e1bado 26 de julio se llevar\u00e1 a cabo una jornada &hellip; <\/p>\n<p><a class=\"more-link btn\" href=\"https:\/\/lamendigapolitica.com\/?p=81420\">Seguir leyendo<\/a><\/p>\n","protected":false},"author":1,"featured_media":0,"comment_status":"open","ping_status":"closed","sticky":false,"template":"","format":"standard","meta":{"footnotes":""},"categories":[42,97,26,43,45,20,102,27,22,41,24],"tags":[],"class_list":["post-81420","post","type-post","status-publish","format-standard","hentry","category-clima","category-comunicacion","category-cultura","category-ecologia","category-featured","category-gobierno","category-municipio","category-seguridad","category-sociales","category-tecnologia","category-turismo","item-wrap"],"_links":{"self":[{"href":"https:\/\/lamendigapolitica.com\/index.php?rest_route=\/wp\/v2\/posts\/81420","targetHints":{"allow":["GET"]}}],"collection":[{"href":"https:\/\/lamendigapolitica.com\/index.php?rest_route=\/wp\/v2\/posts"}],"about":[{"href":"https:\/\/lamendigapolitica.com\/index.php?rest_route=\/wp\/v2\/types\/post"}],"author":[{"embeddable":true,"href":"https:\/\/lamendigapolitica.com\/index.php?rest_route=\/wp\/v2\/users\/1"}],"replies":[{"embeddable":true,"href":"https:\/\/lamendigapolitica.com\/index.php?rest_route=%2Fwp%2Fv2%2Fcomments&post=81420"}],"version-history":[{"count":1,"href":"https:\/\/lamendigapolitica.com\/index.php?rest_route=\/wp\/v2\/posts\/81420\/revisions"}],"predecessor-version":[{"id":81422,"href":"https:\/\/lamendigapolitica.com\/index.php?rest_route=\/wp\/v2\/posts\/81420\/revisions\/81422"}],"wp:attachment":[{"href":"https:\/\/lamendigapolitica.com\/index.php?rest_route=%2Fwp%2Fv2%2Fmedia&parent=81420"}],"wp:term":[{"taxonomy":"category","embeddable":true,"href":"https:\/\/lamendigapolitica.com\/index.php?rest_route=%2Fwp%2Fv2%2Fcategories&post=81420"},{"taxonomy":"post_tag","embeddable":true,"href":"https:\/\/lamendigapolitica.com\/index.php?rest_route=%2Fwp%2Fv2%2Ftags&post=81420"}],"curies":[{"name":"wp","href":"https:\/\/api.w.org\/{rel}","templated":true}]}}