{"id":81409,"date":"2025-07-21T21:45:10","date_gmt":"2025-07-22T03:45:10","guid":{"rendered":"https:\/\/lamendigapolitica.com\/?p=81409"},"modified":"2025-07-21T22:06:30","modified_gmt":"2025-07-22T04:06:30","slug":"captura-fiscalia-a-presunto-feminicida","status":"publish","type":"post","link":"https:\/\/lamendigapolitica.com\/?p=81409","title":{"rendered":"Captura Fiscal\u00eda a presunto feminicida de Karla Ba\u00f1uelos"},"content":{"rendered":"<p><img loading=\"lazy\" decoding=\"async\" class=\"aligncenter size-full wp-image-81410\" src=\"https:\/\/lamendigapolitica.com\/wp-content\/uploads\/2025\/07\/54669353172_f5543bae84_c.jpg\" alt=\"\" width=\"799\" height=\"532\" srcset=\"https:\/\/lamendigapolitica.com\/wp-content\/uploads\/2025\/07\/54669353172_f5543bae84_c.jpg 799w, https:\/\/lamendigapolitica.com\/wp-content\/uploads\/2025\/07\/54669353172_f5543bae84_c-300x200.jpg 300w, https:\/\/lamendigapolitica.com\/wp-content\/uploads\/2025\/07\/54669353172_f5543bae84_c-768x511.jpg 768w, https:\/\/lamendigapolitica.com\/wp-content\/uploads\/2025\/07\/54669353172_f5543bae84_c-555x370.jpg 555w\" sizes=\"auto, (max-width: 799px) 100vw, 799px\" \/><\/p>\n<p>Se realiz\u00f3 en Tonal\u00e1 la aprehensi\u00f3n del supuesto agresor<\/p>\n<p>Kelvin \u00abN\u00bb, presunto responsable de un feminicidio registrado el 12 de julio en Guadalajara, fue aprehendido hoy en Tonal\u00e1 por elementos de la Unidad de Investigaci\u00f3n Especializada en Feminicidios, de la Vicefiscal\u00eda en Investigaci\u00f3n Especializada en Atenci\u00f3n a Mujeres, Ni\u00f1as, Ni\u00f1os y Adolescentes, Raz\u00f3n de G\u00e9nero y la Familia.<!--more--><\/p>\n<p>Las indagatorias, realizadas por medio del an\u00e1lisis de videovigilancia llevado a cabo por la Fiscal\u00eda del Estado y en coordinaci\u00f3n con autoridades de los tres \u00f3rdenes de Gobierno, fueron claves para poder rastrear y ubicar la camioneta en la que escap\u00f3 el agresor, tras privar de la vida a una mujer de 28 a\u00f1os con un arma de fuego.<\/p>\n<p>Los hechos por los que se le investiga a Kelvin \u201cN\u201d ocurrieron en la colonia Balcones de Oblatos, en el municipio de Guadalajara, y quedaron registrados en una c\u00e1mara de seguridad de un inmueble de la zona.<\/p>\n<p>El veh\u00edculo donde habr\u00eda huido el presunto agresor \u2014de 24 a\u00f1os, quien presumiblemente era mec\u00e1nico de oficio\u2014 fue localizado, posteriormente, en Tlajomulco de Z\u00fa\u00f1iga y resguardado.<\/p>\n<p>\u201cSe llevaron a cabo diversas investigaciones inherentes al asunto dentro de la carpeta, en coordinaci\u00f3n con los tres niveles de Gobierno\u201d, explic\u00f3 Elizabeth Canales Rodr\u00edguez, Vicefiscal en Investigaci\u00f3n Especializada en Atenci\u00f3n a Mujeres, Ni\u00f1as, Ni\u00f1os y Adolescentes, Raz\u00f3n de G\u00e9nero y la Familia.<\/p>\n<p>\u201cPosteriormente, se tuvo conocimiento para llevar a cabo la solicitud de orden de aprehensi\u00f3n ante el \u00f3rgano jurisdiccional, que otorg\u00f3 el Juez (D\u00e9cimo Sexto de Control) al Ministerio P\u00fablico, y se hicieron diversos operativos que determinaron varios cateos.<\/p>\n<p>En este \u00faltimo en Loma Dorada, en Tonal\u00e1, se llev\u00f3 a cabo el cateo donde se logr\u00f3 la detenci\u00f3n de Kelvin, respecto al feminicidio que se tiene en investigaci\u00f3n\u201d, precis\u00f3.<\/p>\n<p>Tras su captura, realizada en un domicilio particular, el se\u00f1alado fue trasladado para ser puesto a disposici\u00f3n del juzgado, a fin de que se realice la audiencia de imputaci\u00f3n cuando su titular lo determine.<\/p>\n<p>La investigaci\u00f3n continuar\u00e1 su curso, con perspectiva de g\u00e9nero, para garantizar que este hecho no quede impune.<\/p>\n<p>Con esta detenci\u00f3n la Fiscal\u00eda del Estado refrenda su compromiso para trabajar d\u00eda a d\u00eda en esclarecer cada uno de los casos que lastiman a la sociedad de Jalisco.<\/p>\n","protected":false},"excerpt":{"rendered":"<p>Se realiz\u00f3 en Tonal\u00e1 la aprehensi\u00f3n del supuesto agresor Kelvin \u00abN\u00bb, presunto responsable de un feminicidio registrado el 12 de julio en Guadalajara, fue aprehendido hoy en Tonal\u00e1 por elementos de la Unidad de Investigaci\u00f3n Especializada en Feminicidios, de la Vicefiscal\u00eda en Investigaci\u00f3n Especializada en Atenci\u00f3n a Mujeres, Ni\u00f1as, Ni\u00f1os y Adolescentes, Raz\u00f3n de G\u00e9nero &hellip; <\/p>\n<p><a class=\"more-link btn\" href=\"https:\/\/lamendigapolitica.com\/?p=81409\">Seguir leyendo<\/a><\/p>\n","protected":false},"author":1,"featured_media":0,"comment_status":"open","ping_status":"closed","sticky":false,"template":"","format":"standard","meta":{"footnotes":""},"categories":[101,97,45,20,98,37,3,27,22],"tags":[],"class_list":["post-81409","post","type-post","status-publish","format-standard","hentry","category-cine","category-comunicacion","category-featured","category-gobierno","category-justicia","category-nacional","category-politica","category-seguridad","category-sociales","item-wrap"],"_links":{"self":[{"href":"https:\/\/lamendigapolitica.com\/index.php?rest_route=\/wp\/v2\/posts\/81409","targetHints":{"allow":["GET"]}}],"collection":[{"href":"https:\/\/lamendigapolitica.com\/index.php?rest_route=\/wp\/v2\/posts"}],"about":[{"href":"https:\/\/lamendigapolitica.com\/index.php?rest_route=\/wp\/v2\/types\/post"}],"author":[{"embeddable":true,"href":"https:\/\/lamendigapolitica.com\/index.php?rest_route=\/wp\/v2\/users\/1"}],"replies":[{"embeddable":true,"href":"https:\/\/lamendigapolitica.com\/index.php?rest_route=%2Fwp%2Fv2%2Fcomments&post=81409"}],"version-history":[{"count":3,"href":"https:\/\/lamendigapolitica.com\/index.php?rest_route=\/wp\/v2\/posts\/81409\/revisions"}],"predecessor-version":[{"id":81413,"href":"https:\/\/lamendigapolitica.com\/index.php?rest_route=\/wp\/v2\/posts\/81409\/revisions\/81413"}],"wp:attachment":[{"href":"https:\/\/lamendigapolitica.com\/index.php?rest_route=%2Fwp%2Fv2%2Fmedia&parent=81409"}],"wp:term":[{"taxonomy":"category","embeddable":true,"href":"https:\/\/lamendigapolitica.com\/index.php?rest_route=%2Fwp%2Fv2%2Fcategories&post=81409"},{"taxonomy":"post_tag","embeddable":true,"href":"https:\/\/lamendigapolitica.com\/index.php?rest_route=%2Fwp%2Fv2%2Ftags&post=81409"}],"curies":[{"name":"wp","href":"https:\/\/api.w.org\/{rel}","templated":true}]}}