{"id":81406,"date":"2025-07-19T21:18:34","date_gmt":"2025-07-20T03:18:34","guid":{"rendered":"https:\/\/lamendigapolitica.com\/?p=81406"},"modified":"2025-07-21T21:23:31","modified_gmt":"2025-07-22T03:23:31","slug":"infractores-por-tirar-basura-realizan-servicio-comunitario-en-colinas-de-la-normal","status":"publish","type":"post","link":"https:\/\/lamendigapolitica.com\/?p=81406","title":{"rendered":"Infractores por tirar basura realizan servicio comunitario en Colinas de La Normal"},"content":{"rendered":"<p><img loading=\"lazy\" decoding=\"async\" class=\"aligncenter size-full wp-image-81407\" src=\"https:\/\/lamendigapolitica.com\/wp-content\/uploads\/2025\/07\/54655954315_43793bcdf2_c.jpg\" alt=\"\" width=\"799\" height=\"533\" srcset=\"https:\/\/lamendigapolitica.com\/wp-content\/uploads\/2025\/07\/54655954315_43793bcdf2_c.jpg 799w, https:\/\/lamendigapolitica.com\/wp-content\/uploads\/2025\/07\/54655954315_43793bcdf2_c-300x200.jpg 300w, https:\/\/lamendigapolitica.com\/wp-content\/uploads\/2025\/07\/54655954315_43793bcdf2_c-768x512.jpg 768w, https:\/\/lamendigapolitica.com\/wp-content\/uploads\/2025\/07\/54655954315_43793bcdf2_c-555x370.jpg 555w\" sizes=\"auto, (max-width: 799px) 100vw, 799px\" \/><br \/>\nEn lo que va de la actual administraci\u00f3n, 699 personas han sido puestas a disposici\u00f3n por tirar basura en la v\u00eda p\u00fablica<br \/>\nLos infractores han optado por conmutar su sanci\u00f3n por acciones en favor de la ciudad<br \/>\nA la fecha, alrededor de 60 colonias se han visto beneficiadas con este programa de servicio comunitario<!--more--><\/p>\n<p>Por tirar basura en la v\u00eda p\u00fablica, 31 personas realizaron trabajo comunitario en la Colonia Colinas de La Normal.<\/p>\n<p>Alain Preciado, director de Justicia C\u00edvica del Gobierno de Guadalajara, destac\u00f3 que estas personas optaron por adherirse al programa de Servicio Comunitario, en lugar de pagar la multa o cumplir con el arresto.<\/p>\n<p>\u201cHacen trabajo comunitario barriendo, limpiando, juntando basura, incluso pintando algunos puntos de la Ciudad que puede ser en unidades deportivas, plazas principales, canales. El programa lo hemos llevado a m\u00e1s de 60 colonias de Guadalajara\u201d, agreg\u00f3.<\/p>\n<p>En lo que va de la Administraci\u00f3n, 980 personas han sido puestas a disposici\u00f3n por faltas administrativas, de las cuales, 699 corresponden a tirar basura en la v\u00eda p\u00fablica. El 80 por ciento de las personas han optado por incorporarse al programa de Servicio Comunitario.<\/p>\n<p>El funcionario municipal precis\u00f3 que este servicio es una medida reeducativa, pues se pretende que el infractor se d\u00e9 cuenta de la afectaci\u00f3n que caus\u00f3 y tome conciencia de la falta.<\/p>\n<p>\u201cDe alguna otra manera, le falt\u00f3 el respeto a la ciudadan\u00eda, a su sociedad, a su comunidad y, es una forma, de resarcir el da\u00f1o de esa conducta antisocial\u201d, explic\u00f3.<\/p>\n<p>Preciado record\u00f3 que, de acuerdo con la Ley de Ingresos vigente, las sanciones por tirar basura en la v\u00eda p\u00fablica van de las 20 a las 2 mil Unidades de Medida de Actualizaci\u00f3n, es decir, de los 2 mil 260 a los 226 mil pesos, y el arresto de 24 a 36 horas.<\/p>\n<p>Estas sanciones, detall\u00f3, pueden conmutarse por hacer cinco horas de trabajo comunitario en beneficio de alguna colonia o espacio p\u00fablico de Guadalajara, de acuerdo con lo se\u00f1alado en el reglamento de Justicia C\u00edvica de Guadalajara.<\/p>\n<p>A los infractores, agreg\u00f3 Precisado, se les otorgan alimentos y agua, adem\u00e1s de que se vigila su salud y se protegen sus derechos humanos.<\/p>\n<p>\u201cEs importante decir que al final de que terminan su labor, su trabajo comunitario, se tiene una charla con ellos, en la cual se les platican las bondades de este programa y tambi\u00e9n se les concientiza, para que de alguna otra manera no vuelvan a cometer la falta administrativa que cometieron en la ciudad\u201d.<\/p>\n<p>Luc\u00eda Ochoa, representante de la Asociaci\u00f3n de Colonos de Colinas de La Normal, se congratul\u00f3 de los beneficios del programa, pues se intervino la zona comercial, las plazoletas y la Avenida Cient\u00edficos.<\/p>\n<p>\u201cA los locatarios y a los vecinos nos parece muy bien. Adem\u00e1s, ayuda a crear conciencia entre los mismos vecinos\u201d.<\/p>\n<p>Jorge, uno de los infractores por tirar basura, tambi\u00e9n vio con buenos ojos el programa de servicio comunitario, en vez de estar detenido o pagar la multa.<\/p>\n<p>\u201cLa verdad que pues no se me hace as\u00ed como que pesado, ni nada, m\u00e1s bien al contrario, contribuimos con la comunidad para que est\u00e9 la ciudad limpia, las \u00e1reas limpias, a m\u00ed, s\u00ed me hace chido\u201d.<\/p>\n<p>&nbsp;<\/p>\n","protected":false},"excerpt":{"rendered":"<p>En lo que va de la actual administraci\u00f3n, 699 personas han sido puestas a disposici\u00f3n por tirar basura en la v\u00eda p\u00fablica Los infractores han optado por conmutar su sanci\u00f3n por acciones en favor de la ciudad A la fecha, alrededor de 60 colonias se han visto beneficiadas con este programa de servicio comunitario<\/p><p><a class=\"more-link btn\" href=\"https:\/\/lamendigapolitica.com\/?p=81406\">Seguir leyendo<\/a><\/p>\n","protected":false},"author":1,"featured_media":0,"comment_status":"open","ping_status":"closed","sticky":false,"template":"","format":"standard","meta":{"footnotes":""},"categories":[42,1,97,43,28,45,20,102,29,27,22],"tags":[],"class_list":["post-81406","post","type-post","status-publish","format-standard","hentry","category-clima","category-columnista","category-comunicacion","category-ecologia","category-educacion","category-featured","category-gobierno","category-municipio","category-salud","category-seguridad","category-sociales","item-wrap"],"_links":{"self":[{"href":"https:\/\/lamendigapolitica.com\/index.php?rest_route=\/wp\/v2\/posts\/81406","targetHints":{"allow":["GET"]}}],"collection":[{"href":"https:\/\/lamendigapolitica.com\/index.php?rest_route=\/wp\/v2\/posts"}],"about":[{"href":"https:\/\/lamendigapolitica.com\/index.php?rest_route=\/wp\/v2\/types\/post"}],"author":[{"embeddable":true,"href":"https:\/\/lamendigapolitica.com\/index.php?rest_route=\/wp\/v2\/users\/1"}],"replies":[{"embeddable":true,"href":"https:\/\/lamendigapolitica.com\/index.php?rest_route=%2Fwp%2Fv2%2Fcomments&post=81406"}],"version-history":[{"count":1,"href":"https:\/\/lamendigapolitica.com\/index.php?rest_route=\/wp\/v2\/posts\/81406\/revisions"}],"predecessor-version":[{"id":81408,"href":"https:\/\/lamendigapolitica.com\/index.php?rest_route=\/wp\/v2\/posts\/81406\/revisions\/81408"}],"wp:attachment":[{"href":"https:\/\/lamendigapolitica.com\/index.php?rest_route=%2Fwp%2Fv2%2Fmedia&parent=81406"}],"wp:term":[{"taxonomy":"category","embeddable":true,"href":"https:\/\/lamendigapolitica.com\/index.php?rest_route=%2Fwp%2Fv2%2Fcategories&post=81406"},{"taxonomy":"post_tag","embeddable":true,"href":"https:\/\/lamendigapolitica.com\/index.php?rest_route=%2Fwp%2Fv2%2Ftags&post=81406"}],"curies":[{"name":"wp","href":"https:\/\/api.w.org\/{rel}","templated":true}]}}