{"id":81400,"date":"2025-07-17T20:56:50","date_gmt":"2025-07-18T02:56:50","guid":{"rendered":"https:\/\/lamendigapolitica.com\/?p=81400"},"modified":"2025-07-21T21:03:12","modified_gmt":"2025-07-22T03:03:12","slug":"concluye-oficialmente-el-ciclo-escolar-2024-2025-en-educacion-basica","status":"publish","type":"post","link":"https:\/\/lamendigapolitica.com\/?p=81400","title":{"rendered":"Concluye oficialmente el Ciclo Escolar 2024-2025 en Educaci\u00f3n B\u00e1sica"},"content":{"rendered":"<p><img loading=\"lazy\" decoding=\"async\" class=\"aligncenter size-full wp-image-81401\" src=\"https:\/\/lamendigapolitica.com\/wp-content\/uploads\/2025\/07\/54659555846_57034f59fa_c.jpg\" alt=\"\" width=\"799\" height=\"533\" srcset=\"https:\/\/lamendigapolitica.com\/wp-content\/uploads\/2025\/07\/54659555846_57034f59fa_c.jpg 799w, https:\/\/lamendigapolitica.com\/wp-content\/uploads\/2025\/07\/54659555846_57034f59fa_c-300x200.jpg 300w, https:\/\/lamendigapolitica.com\/wp-content\/uploads\/2025\/07\/54659555846_57034f59fa_c-768x512.jpg 768w, https:\/\/lamendigapolitica.com\/wp-content\/uploads\/2025\/07\/54659555846_57034f59fa_c-555x370.jpg 555w\" sizes=\"auto, (max-width: 799px) 100vw, 799px\" \/><\/p>\n<p>M\u00e1s de 1.6 millones de estudiantes y 82 mil docentes finalizaron actividades escolares en Jalisco<\/p>\n<p>Las clases del nuevo ciclo iniciar\u00e1n el lunes 1 de septiembre<\/p>\n<p>Con la ceremonia de clausura oficial del Ciclo Escolar 2024-2025, un mill\u00f3n 618 mil estudiantes de Educaci\u00f3n B\u00e1sica en Jalisco dieron inicio formal al periodo vacacional de verano.<\/p>\n<p>El evento estuvo encabezado por Andrea Blanco Calder\u00f3n, Coordinadora General Estrat\u00e9gica de Desarrollo Social, quien reconoci\u00f3 el compromiso de estudiantes, madres, padres, tutores y docentes para sacar adelante el ciclo.<!--more--><\/p>\n<p>Destac\u00f3 la participaci\u00f3n de alumnas y alumnos que representaron a Jalisco en distintos cert\u00e1menes acad\u00e9micos, c\u00edvicos, culturales y deportivos, como una muestra del talento que se cultiva en las aulas del estado.<\/p>\n<p>\u201cEse talento tiene que florecer, lo tienen que mostrar, porque inspira a otros y hace que alcancen muchos de los sue\u00f1os que se proponen. Nunca olviden que son especiales y con eso tienen que florecer, sentirse orgullosos y seguir creciendo\u201d, afirm\u00f3.<\/p>\n<p>Blanco Calder\u00f3n tambi\u00e9n invit\u00f3 a disfrutar del receso escolar como un tiempo de descanso merecido, con el prop\u00f3sito de regresar en septiembre con energ\u00edas renovadas.<\/p>\n<p>\u201cYo creo que hemos aprendido mucho, a nosotros nos toc\u00f3 arrancar a mitad del Ciclo Escolar en esta administraci\u00f3n y no me queda m\u00e1s que reconocer el trabajo que hacen todos los que hacen posible que nuestros ni\u00f1os se est\u00e9n graduando\u201d, agreg\u00f3.<\/p>\n<p>Juan Carlos Flores Miramontes, Secretario de Educaci\u00f3n, reconoci\u00f3 la visi\u00f3n del Gobierno de Jalisco, al impulsar los proyectos educativos estrat\u00e9gicos del estado.<\/p>\n<p>Subray\u00f3 que esta decisi\u00f3n fortalece el sistema educativo a largo plazo y permite consolidar avances significativos, as\u00ed como el papel fundamental de miles de docentes, cuyo compromiso y vocaci\u00f3n fueron clave para acompa\u00f1ar a m\u00e1s de 1.6 millones de estudiantes a lo largo del Ciclo Escolar.<\/p>\n<p>\u201cLa realidad educativa de nuestro estado, sin duda, nos coloca con una gran responsabilidad ante el pa\u00eds. El Gobernador ha sido muy claro: tenemos que forjar aqu\u00ed el mejor sistema educativo posible\u201d, dijo.<\/p>\n<p>Durante la ceremonia, se reconoci\u00f3 a 73 estudiantes jaliscienses que destacaron en distintos cert\u00e1menes, como los Juegos Deportivos Nacionales Escolares de la Educaci\u00f3n B\u00e1sica, la Olimpiada del Conocimiento Infantil, el Concurso Estatal de Escoltas y el Concurso de Oratoria \u00abHistoria e identidad de Jalisco como Estado Libre y Soberano\u00bb.<\/p>\n<p>En representaci\u00f3n de las y los galardonados, Flor Yvonne Anushka Ruiz Hern\u00e1ndez, estudiante destacada de secundaria, dirigi\u00f3 un emotivo mensaje sobre el orgullo de pertenecer a Jalisco y el compromiso de seguir esforz\u00e1ndose por su estado.<\/p>\n<p>La ceremonia cont\u00f3 con la presencia de autoridades educativas, civiles y militares, entre ellas, Leonel de Jes\u00fas Mayorga Anaya e Iv\u00e1n Ilich Gonz\u00e1lez Conteras, Secretarios Generales de las Secciones 16 y 47 del Sindicato Nacional de Trabajadores de la Educaci\u00f3n (SNTE), Pedro D\u00edaz Arias, Subsecretario de Educaci\u00f3n B\u00e1sica, y Martha Estela Arizmendi Fombona, Presidenta de la Mesa Directiva del H. Congreso del Estado de Jalisco.<\/p>\n<p>Tambi\u00e9n asistieron Miguel \u00c1ngel Hern\u00e1ndez Mart\u00ednez, Comandante de la V Regi\u00f3n Militar; Julio C\u00e9sar Islas S\u00e1nchez, Comandante de la XV Zona Militar; Alberto Villa Villegas, Titular de la Oficina de Enlace Educativo de la Secretar\u00eda de Educaci\u00f3n P\u00fablica (SEP), en Jalisco; Magali Flores Lomel\u00ed, Directora de Educaci\u00f3n en Zapopan; y Marisol Cas\u00edan Silva, Presidenta de la Asociaci\u00f3n de Padres de Familia.<\/p>\n<p>Para saber m\u00e1s:<\/p>\n<p>Estad\u00edstica<\/p>\n<p>Estudiantes: 1 mill\u00f3n 618 mil 112.<\/p>\n<p>Docentes: 82 mil 294.<\/p>\n<p>Escuelas: 13 mil 908.<\/p>\n<p>De acuerdo con la disposici\u00f3n oficial de la Secretar\u00eda de Educaci\u00f3n P\u00fablica (SEP), el Calendario Escolar 2025\u20132026 iniciar\u00e1 el lunes 1 de septiembre de 2025 y concluir\u00e1 el mi\u00e9rcoles 15 de julio de 2026.<\/p>\n<p>El calendario est\u00e1 disponible para su consulta en el enlace https:\/\/calendarioescolar.sep.gob.mx\/2025-2026.<\/p>\n","protected":false},"excerpt":{"rendered":"<p>M\u00e1s de 1.6 millones de estudiantes y 82 mil docentes finalizaron actividades escolares en Jalisco Las clases del nuevo ciclo iniciar\u00e1n el lunes 1 de septiembre Con la ceremonia de clausura oficial del Ciclo Escolar 2024-2025, un mill\u00f3n 618 mil estudiantes de Educaci\u00f3n B\u00e1sica en Jalisco dieron inicio formal al periodo vacacional de verano. El &hellip; <\/p>\n<p><a class=\"more-link btn\" href=\"https:\/\/lamendigapolitica.com\/?p=81400\">Seguir leyendo<\/a><\/p>\n","protected":false},"author":1,"featured_media":0,"comment_status":"open","ping_status":"closed","sticky":false,"template":"","format":"standard","meta":{"footnotes":""},"categories":[28,20,22],"tags":[],"class_list":["post-81400","post","type-post","status-publish","format-standard","hentry","category-educacion","category-gobierno","category-sociales","item-wrap"],"_links":{"self":[{"href":"https:\/\/lamendigapolitica.com\/index.php?rest_route=\/wp\/v2\/posts\/81400","targetHints":{"allow":["GET"]}}],"collection":[{"href":"https:\/\/lamendigapolitica.com\/index.php?rest_route=\/wp\/v2\/posts"}],"about":[{"href":"https:\/\/lamendigapolitica.com\/index.php?rest_route=\/wp\/v2\/types\/post"}],"author":[{"embeddable":true,"href":"https:\/\/lamendigapolitica.com\/index.php?rest_route=\/wp\/v2\/users\/1"}],"replies":[{"embeddable":true,"href":"https:\/\/lamendigapolitica.com\/index.php?rest_route=%2Fwp%2Fv2%2Fcomments&post=81400"}],"version-history":[{"count":1,"href":"https:\/\/lamendigapolitica.com\/index.php?rest_route=\/wp\/v2\/posts\/81400\/revisions"}],"predecessor-version":[{"id":81402,"href":"https:\/\/lamendigapolitica.com\/index.php?rest_route=\/wp\/v2\/posts\/81400\/revisions\/81402"}],"wp:attachment":[{"href":"https:\/\/lamendigapolitica.com\/index.php?rest_route=%2Fwp%2Fv2%2Fmedia&parent=81400"}],"wp:term":[{"taxonomy":"category","embeddable":true,"href":"https:\/\/lamendigapolitica.com\/index.php?rest_route=%2Fwp%2Fv2%2Fcategories&post=81400"},{"taxonomy":"post_tag","embeddable":true,"href":"https:\/\/lamendigapolitica.com\/index.php?rest_route=%2Fwp%2Fv2%2Ftags&post=81400"}],"curies":[{"name":"wp","href":"https:\/\/api.w.org\/{rel}","templated":true}]}}