{"id":81382,"date":"2025-07-14T22:42:15","date_gmt":"2025-07-15T04:42:15","guid":{"rendered":"https:\/\/lamendigapolitica.com\/?p=81382"},"modified":"2025-07-16T22:43:54","modified_gmt":"2025-07-17T04:43:54","slug":"observatorio-silvestre-una-mirada-al-mundo-natural-desde-tlajo","status":"publish","type":"post","link":"https:\/\/lamendigapolitica.com\/?p=81382","title":{"rendered":"\u00abObservatorio Silvestre\u00bb: una mirada al mundo natural desde Tlajo"},"content":{"rendered":"<p><img loading=\"lazy\" decoding=\"async\" class=\"aligncenter size-full wp-image-81383\" src=\"https:\/\/lamendigapolitica.com\/wp-content\/uploads\/2025\/07\/54633817181_912a1739d9_c.jpg\" alt=\"\" width=\"799\" height=\"533\" srcset=\"https:\/\/lamendigapolitica.com\/wp-content\/uploads\/2025\/07\/54633817181_912a1739d9_c.jpg 799w, https:\/\/lamendigapolitica.com\/wp-content\/uploads\/2025\/07\/54633817181_912a1739d9_c-300x200.jpg 300w, https:\/\/lamendigapolitica.com\/wp-content\/uploads\/2025\/07\/54633817181_912a1739d9_c-768x512.jpg 768w, https:\/\/lamendigapolitica.com\/wp-content\/uploads\/2025\/07\/54633817181_912a1739d9_c-555x370.jpg 555w\" sizes=\"auto, (max-width: 799px) 100vw, 799px\" \/><\/p>\n<p>Con el objetivo de acercar a la ciudadan\u00eda al conocimiento y la apreciaci\u00f3n de las especies y organismos que habitan nuestro entorno natural, el Gobierno de Tlajomulco, a trav\u00e9s de la Direcci\u00f3n de Cultura y la Unidad de Rescate de Fauna Silvestre (URFST), invita a visitar la exposici\u00f3n fotogr\u00e1fica \u00abObservatorio Silvestre\u00bb.<!--more--><\/p>\n<p>En esta muestra, los fot\u00f3grafos de naturaleza Jes\u00fas Moreno, Francisco Fern\u00e1ndez y Manuel Jim\u00e9nez comparten, a trav\u00e9s de su lente y su amor por el medio ambiente, una mirada \u00edntima y profunda a la vida natural, resaltando la belleza y la importancia de preservarla.<\/p>\n<p>La exposici\u00f3n permanecer\u00e1 abierta al p\u00fablico hasta el 23 de julio, en la sala Sixto Ibarra de la Casa de la Cultura, ubicada en Andador Zaragoza No. 9, Tlajomulco Centro.<\/p>\n<p>La inauguraci\u00f3n se realiz\u00f3 el pasado 4 de julio, con la presencia de H\u00e9ctor Rodr\u00edguez, director operativo de Cultura; Luis Alberto Cayo Cervantes, director de la Unidad de Salud Animal Municipal (UNASAM); el fot\u00f3grafo Francisco Fern\u00e1ndez Gonz\u00e1lez y Perla Alejandra Andrade, del \u00e1rea de Vinculaci\u00f3n de la URFST.<\/p>\n<p>Esta exposici\u00f3n no solo busca mostrar la belleza del entorno natural, sino tambi\u00e9n inspirar en cada visitante el respeto y compromiso con la conservaci\u00f3n de las especies que nos rodean. \u00a1No te la pierdas!<\/p>\n","protected":false},"excerpt":{"rendered":"<p>Con el objetivo de acercar a la ciudadan\u00eda al conocimiento y la apreciaci\u00f3n de las especies y organismos que habitan nuestro entorno natural, el Gobierno de Tlajomulco, a trav\u00e9s de la Direcci\u00f3n de Cultura y la Unidad de Rescate de Fauna Silvestre (URFST), invita a visitar la exposici\u00f3n fotogr\u00e1fica \u00abObservatorio Silvestre\u00bb.<\/p><p><a class=\"more-link btn\" href=\"https:\/\/lamendigapolitica.com\/?p=81382\">Seguir leyendo<\/a><\/p>\n","protected":false},"author":1,"featured_media":0,"comment_status":"open","ping_status":"closed","sticky":false,"template":"","format":"standard","meta":{"footnotes":""},"categories":[42,43,28,45,20,102,22,41,24],"tags":[],"class_list":["post-81382","post","type-post","status-publish","format-standard","hentry","category-clima","category-ecologia","category-educacion","category-featured","category-gobierno","category-municipio","category-sociales","category-tecnologia","category-turismo","item-wrap"],"_links":{"self":[{"href":"https:\/\/lamendigapolitica.com\/index.php?rest_route=\/wp\/v2\/posts\/81382","targetHints":{"allow":["GET"]}}],"collection":[{"href":"https:\/\/lamendigapolitica.com\/index.php?rest_route=\/wp\/v2\/posts"}],"about":[{"href":"https:\/\/lamendigapolitica.com\/index.php?rest_route=\/wp\/v2\/types\/post"}],"author":[{"embeddable":true,"href":"https:\/\/lamendigapolitica.com\/index.php?rest_route=\/wp\/v2\/users\/1"}],"replies":[{"embeddable":true,"href":"https:\/\/lamendigapolitica.com\/index.php?rest_route=%2Fwp%2Fv2%2Fcomments&post=81382"}],"version-history":[{"count":1,"href":"https:\/\/lamendigapolitica.com\/index.php?rest_route=\/wp\/v2\/posts\/81382\/revisions"}],"predecessor-version":[{"id":81384,"href":"https:\/\/lamendigapolitica.com\/index.php?rest_route=\/wp\/v2\/posts\/81382\/revisions\/81384"}],"wp:attachment":[{"href":"https:\/\/lamendigapolitica.com\/index.php?rest_route=%2Fwp%2Fv2%2Fmedia&parent=81382"}],"wp:term":[{"taxonomy":"category","embeddable":true,"href":"https:\/\/lamendigapolitica.com\/index.php?rest_route=%2Fwp%2Fv2%2Fcategories&post=81382"},{"taxonomy":"post_tag","embeddable":true,"href":"https:\/\/lamendigapolitica.com\/index.php?rest_route=%2Fwp%2Fv2%2Ftags&post=81382"}],"curies":[{"name":"wp","href":"https:\/\/api.w.org\/{rel}","templated":true}]}}