{"id":81361,"date":"2025-07-08T20:33:08","date_gmt":"2025-07-09T02:33:08","guid":{"rendered":"https:\/\/lamendigapolitica.com\/?p=81361"},"modified":"2025-07-11T20:42:02","modified_gmt":"2025-07-12T02:42:02","slug":"pronostican-un-julio-ligeramente-mas-lluvioso-y-calido","status":"publish","type":"post","link":"https:\/\/lamendigapolitica.com\/?p=81361","title":{"rendered":"Pronostican un julio ligeramente m\u00e1s lluvioso y c\u00e1lido"},"content":{"rendered":"<p><img loading=\"lazy\" decoding=\"async\" class=\"aligncenter size-full wp-image-81362\" src=\"https:\/\/lamendigapolitica.com\/wp-content\/uploads\/2025\/07\/05.jpg\" alt=\"\" width=\"1114\" height=\"777\" srcset=\"https:\/\/lamendigapolitica.com\/wp-content\/uploads\/2025\/07\/05.jpg 1114w, https:\/\/lamendigapolitica.com\/wp-content\/uploads\/2025\/07\/05-300x209.jpg 300w, https:\/\/lamendigapolitica.com\/wp-content\/uploads\/2025\/07\/05-1024x714.jpg 1024w, https:\/\/lamendigapolitica.com\/wp-content\/uploads\/2025\/07\/05-768x536.jpg 768w, https:\/\/lamendigapolitica.com\/wp-content\/uploads\/2025\/07\/05-555x387.jpg 555w\" sizes=\"auto, (max-width: 1114px) 100vw, 1114px\" \/><\/p>\n<p>Meteor\u00f3logos estiman que las regiones Altos, Valles, Centro y Norte registren precipitaciones por arriba de la media<\/p>\n<p>El mes de julio traer\u00e1 consigo lluvias por arriba de lo normal, pero tambi\u00e9n d\u00edas con temperaturas ligeramente m\u00e1s c\u00e1lidas del promedio; as\u00ed lo detallaron especialistas del Instituto de Astronom\u00eda y Meteorolog\u00eda (IAM) de la Universidad de Guadalajara (UdeG).<!--more--><\/p>\n<p>Durante este mes se esperan precipitaciones por arriba de lo normal en las regiones Altos, Valles, Centro y Norte, pero si ocurre alg\u00fan evento como un cicl\u00f3n tropical en las costas de Jalisco, este pron\u00f3stico podr\u00eda cambiar, estim\u00f3 el meteor\u00f3logo Mauricio L\u00f3pez Reyes.<\/p>\n<p>Por otra parte, se prev\u00e9 que ocurran menos lluvias en las regiones Costa, Sur y Sierra, con precipitaciones por debajo del promedio, a\u00f1adi\u00f3 el especialista.<\/p>\n<p>\u201cEl promedio de lluvia en el \u00c1rea Metropolitana en julio es de entre 250 y 270 mil\u00edmetros, esperamos algo as\u00ed, o incluso por arriba de este valor; mientras tanto, hacia Los Altos, Ci\u00e9nega y algunos puntos del Norte y Sur las precipitaciones estar\u00e1n de los valores promedio hacia abajo\u201d, resalt\u00f3.<\/p>\n<p>&nbsp;<\/p>\n<p>En cuanto a temperaturas, los especialistas estimaron que julio ser\u00e1 ligeramente m\u00e1s c\u00e1lido de lo normal, con un promedio de entre 30 y 32 grados si no ocurren tormentas, ciclones tropicales o huracanes.<\/p>\n<p>&nbsp;<\/p>\n<p>L\u00f3pez Reyes enfatiz\u00f3 que los ciclones tropicales y los huracanes no se pueden pronosticar hasta un par de d\u00edas antes de su formaci\u00f3n, por lo que invit\u00f3 a la poblaci\u00f3n a mantenerse informada v\u00eda canales oficiales y desestimar aquellos pron\u00f3sticos que alertan sobre fen\u00f3menos que a\u00fan no ocurren.<\/p>\n<p>&nbsp;<\/p>\n<p>Un junio lluvioso<\/p>\n<p>El meteor\u00f3logo del IAM, maestro Julio Zamora Salvador, detall\u00f3 que durante junio se observaron lluvias muy abundantes en las regiones Costa y Sur, mientras que en el Centro se registraron precipitaciones ligeramente arriba del promedio. Por otra parte, en Valles, Altos Norte y Ci\u00e9nega, las lluvias fueron menores que el a\u00f1o pasado.<\/p>\n<p>&nbsp;<\/p>\n<p>Respecto a las temperaturas, record\u00f3 que junio de 2024 fue un mes c\u00e1lido con temperaturas por arriba del promedio y precipitaciones hasta finales de mes. No obstante, este a\u00f1o el temporal inici\u00f3 a principios de junio, lo que trajo consigo un descenso en el calor con temperaturas promedio de entre 26 y 30 grados.<\/p>\n<p>&nbsp;<\/p>\n<p>\u201cLas regiones m\u00e1s afectadas en 2024 fueron la Ci\u00e9nega y los Altos, donde las anomal\u00edas estuvieron oscilando entre tres y cuatro grados por arriba del promedio. Si lo comparamos con junio de 2025, gran parte de Jalisco estuvo con anomal\u00edas negativas de temperatura, que quiere decir que el valor fue menor al promedio clim\u00e1tico\u201d, indic\u00f3.<\/p>\n<p>&nbsp;<\/p>\n<p>D\u00edas de can\u00edcula<\/p>\n<p>El periodo de calor denominado com\u00fanmente como \u201ccan\u00edcula\u201d es un fen\u00f3meno en el que se presentan m\u00e1s horas de calor en promedio, pero no significa que aumentar\u00e1 la temperatura, por lo que no se esperan aumentos considerables del calor en la ciudad, detall\u00f3 el doctor Jaime Alcal\u00e1 Guti\u00e9rrez, investigador del IAM.<\/p>\n<p>&nbsp;<\/p>\n<p>\u201cPodr\u00edamos tener menos d\u00edas sin lluvia y un incremento en la temperatura, pero eso no significa que las temperaturas vayan a incrementarse de m\u00e1s; las temperaturas regionales siguen igual, lo \u00fanico que cambia es la duraci\u00f3n de horas elevadas a cierta temperatura\u201d, comparti\u00f3.<\/p>\n<p>&nbsp;<\/p>\n<p>El Director del IAM, doctor \u00d3scar Blanco Alonso, reiter\u00f3 que este instituto emite pron\u00f3sticos diarios del tiempo, adem\u00e1s de contar con herramientas como el radar Doppler para conocer las caracter\u00edsticas de las tormentas en tiempo real, e invit\u00f3 a la poblaci\u00f3n a evitar la desinformaci\u00f3n y a mantenerse actualizados por medio oficiales.<\/p>\n<p>&nbsp;<\/p>\n<p>Resalt\u00f3 que conocer la informaci\u00f3n sobre el tiempo y los pron\u00f3sticos diarios ayudan a que las autoridades y la poblaci\u00f3n puedan tomar decisiones y as\u00ed evitar consecuencias de riesgo por fen\u00f3menos naturales como las tormentas.<\/p>\n","protected":false},"excerpt":{"rendered":"<p>Meteor\u00f3logos estiman que las regiones Altos, Valles, Centro y Norte registren precipitaciones por arriba de la media El mes de julio traer\u00e1 consigo lluvias por arriba de lo normal, pero tambi\u00e9n d\u00edas con temperaturas ligeramente m\u00e1s c\u00e1lidas del promedio; as\u00ed lo detallaron especialistas del Instituto de Astronom\u00eda y Meteorolog\u00eda (IAM) de la Universidad de Guadalajara &hellip; <\/p>\n<p><a class=\"more-link btn\" href=\"https:\/\/lamendigapolitica.com\/?p=81361\">Seguir leyendo<\/a><\/p>\n","protected":false},"author":1,"featured_media":0,"comment_status":"open","ping_status":"closed","sticky":false,"template":"","format":"standard","meta":{"footnotes":""},"categories":[42,97,43,27,22,41,106],"tags":[],"class_list":["post-81361","post","type-post","status-publish","format-standard","hentry","category-clima","category-comunicacion","category-ecologia","category-seguridad","category-sociales","category-tecnologia","category-universidad","item-wrap"],"_links":{"self":[{"href":"https:\/\/lamendigapolitica.com\/index.php?rest_route=\/wp\/v2\/posts\/81361","targetHints":{"allow":["GET"]}}],"collection":[{"href":"https:\/\/lamendigapolitica.com\/index.php?rest_route=\/wp\/v2\/posts"}],"about":[{"href":"https:\/\/lamendigapolitica.com\/index.php?rest_route=\/wp\/v2\/types\/post"}],"author":[{"embeddable":true,"href":"https:\/\/lamendigapolitica.com\/index.php?rest_route=\/wp\/v2\/users\/1"}],"replies":[{"embeddable":true,"href":"https:\/\/lamendigapolitica.com\/index.php?rest_route=%2Fwp%2Fv2%2Fcomments&post=81361"}],"version-history":[{"count":1,"href":"https:\/\/lamendigapolitica.com\/index.php?rest_route=\/wp\/v2\/posts\/81361\/revisions"}],"predecessor-version":[{"id":81363,"href":"https:\/\/lamendigapolitica.com\/index.php?rest_route=\/wp\/v2\/posts\/81361\/revisions\/81363"}],"wp:attachment":[{"href":"https:\/\/lamendigapolitica.com\/index.php?rest_route=%2Fwp%2Fv2%2Fmedia&parent=81361"}],"wp:term":[{"taxonomy":"category","embeddable":true,"href":"https:\/\/lamendigapolitica.com\/index.php?rest_route=%2Fwp%2Fv2%2Fcategories&post=81361"},{"taxonomy":"post_tag","embeddable":true,"href":"https:\/\/lamendigapolitica.com\/index.php?rest_route=%2Fwp%2Fv2%2Ftags&post=81361"}],"curies":[{"name":"wp","href":"https:\/\/api.w.org\/{rel}","templated":true}]}}