{"id":81355,"date":"2025-07-05T20:19:41","date_gmt":"2025-07-06T02:19:41","guid":{"rendered":"https:\/\/lamendigapolitica.com\/?p=81355"},"modified":"2025-07-11T20:26:30","modified_gmt":"2025-07-12T02:26:30","slug":"por-un-vallarta-libre-de-crueldad-invitan-al-taller-los-animales-y-el-derecho","status":"publish","type":"post","link":"https:\/\/lamendigapolitica.com\/?p=81355","title":{"rendered":"Por un Vallarta libre de crueldad: invitan al taller \u201cLos Animales y el Derecho\u201d"},"content":{"rendered":"<p><img loading=\"lazy\" decoding=\"async\" class=\"aligncenter size-full wp-image-81356\" src=\"https:\/\/lamendigapolitica.com\/wp-content\/uploads\/2025\/07\/COMUNICADO-785-1.jpeg\" alt=\"\" width=\"851\" height=\"851\" srcset=\"https:\/\/lamendigapolitica.com\/wp-content\/uploads\/2025\/07\/COMUNICADO-785-1.jpeg 851w, https:\/\/lamendigapolitica.com\/wp-content\/uploads\/2025\/07\/COMUNICADO-785-1-300x300.jpeg 300w, https:\/\/lamendigapolitica.com\/wp-content\/uploads\/2025\/07\/COMUNICADO-785-1-200x200.jpeg 200w, https:\/\/lamendigapolitica.com\/wp-content\/uploads\/2025\/07\/COMUNICADO-785-1-768x768.jpeg 768w, https:\/\/lamendigapolitica.com\/wp-content\/uploads\/2025\/07\/COMUNICADO-785-1-555x555.jpeg 555w\" sizes=\"auto, (max-width: 851px) 100vw, 851px\" \/><\/p>\n<p>\u00b7 La Direcci\u00f3n de Bienestar Animal invita a este taller gratuito, que se llevar\u00e1 a cabo el 11 y 12 de julio.<\/p>\n<p>En un esfuerzo por construir un Puerto Vallarta libre de crueldad y en donde se reconozcan los derechos de todos los seres vivos, la Direcci\u00f3n de Bienestar Animal, con el respaldo del gobierno de Luis Mungu\u00eda, llevar\u00e1 a cabo el taller gratuito \u201cLos Animales y el Derecho\u201d. Esta iniciativa se desarrollar\u00e1 el viernes 11 de julio, de 4:00 a 8:00 p.m., y el s\u00e1bado 12, de 10:00 a.m. a 2:00 p.m., en el auditorio de la Preparatoria Regional.<!--more--><\/p>\n<p>Impartido por el licenciado Luis Humberto Campos Rodr\u00edguez, especialista en Derecho Animal, el taller ofrecer\u00e1 herramientas legales para identificar y denunciar casos de maltrato, comprender los protocolos vigentes y actuar con conocimiento frente a los vac\u00edos jur\u00eddicos. Est\u00e1 dirigido a activistas, integrantes de asociaciones y personas interesadas en el bienestar animal.<\/p>\n<p>\u201cEl taller abordar\u00e1 las \u00faltimas reformas legales en materia de protecci\u00f3n animal, as\u00ed como las obligaciones administrativas, civiles y penales que deben conocer quienes conviven o trabajan con animales\u201d, explic\u00f3 Roberto Ornelas, director de Bienestar Animal. Tambi\u00e9n se tratar\u00e1n temas como denuncias por maltrato, adopci\u00f3n, esterilizaci\u00f3n, eutanasia, entre otros.<\/p>\n<p>Este espacio formativo tendr\u00e1 un cupo limitado a 50 personas. Las inscripciones se realizan en las oficinas de Bienestar Animal, ubicadas en el Parque Lineal, o v\u00eda WhatsApp al 322 102 7339. El gobierno del bien invita a sumarse a esta causa por una ciudad m\u00e1s justa para todos los seres vivos, porque conocer la ley es la primera trinchera contra la injusticia.<\/p>\n","protected":false},"excerpt":{"rendered":"<p>\u00b7 La Direcci\u00f3n de Bienestar Animal invita a este taller gratuito, que se llevar\u00e1 a cabo el 11 y 12 de julio. En un esfuerzo por construir un Puerto Vallarta libre de crueldad y en donde se reconozcan los derechos de todos los seres vivos, la Direcci\u00f3n de Bienestar Animal, con el respaldo del gobierno &hellip; <\/p>\n<p><a class=\"more-link btn\" href=\"https:\/\/lamendigapolitica.com\/?p=81355\">Seguir leyendo<\/a><\/p>\n","protected":false},"author":1,"featured_media":0,"comment_status":"open","ping_status":"closed","sticky":false,"template":"","format":"standard","meta":{"footnotes":""},"categories":[101,42,97,26,43,20,102,29,27,22],"tags":[],"class_list":["post-81355","post","type-post","status-publish","format-standard","hentry","category-cine","category-clima","category-comunicacion","category-cultura","category-ecologia","category-gobierno","category-municipio","category-salud","category-seguridad","category-sociales","item-wrap"],"_links":{"self":[{"href":"https:\/\/lamendigapolitica.com\/index.php?rest_route=\/wp\/v2\/posts\/81355","targetHints":{"allow":["GET"]}}],"collection":[{"href":"https:\/\/lamendigapolitica.com\/index.php?rest_route=\/wp\/v2\/posts"}],"about":[{"href":"https:\/\/lamendigapolitica.com\/index.php?rest_route=\/wp\/v2\/types\/post"}],"author":[{"embeddable":true,"href":"https:\/\/lamendigapolitica.com\/index.php?rest_route=\/wp\/v2\/users\/1"}],"replies":[{"embeddable":true,"href":"https:\/\/lamendigapolitica.com\/index.php?rest_route=%2Fwp%2Fv2%2Fcomments&post=81355"}],"version-history":[{"count":1,"href":"https:\/\/lamendigapolitica.com\/index.php?rest_route=\/wp\/v2\/posts\/81355\/revisions"}],"predecessor-version":[{"id":81357,"href":"https:\/\/lamendigapolitica.com\/index.php?rest_route=\/wp\/v2\/posts\/81355\/revisions\/81357"}],"wp:attachment":[{"href":"https:\/\/lamendigapolitica.com\/index.php?rest_route=%2Fwp%2Fv2%2Fmedia&parent=81355"}],"wp:term":[{"taxonomy":"category","embeddable":true,"href":"https:\/\/lamendigapolitica.com\/index.php?rest_route=%2Fwp%2Fv2%2Fcategories&post=81355"},{"taxonomy":"post_tag","embeddable":true,"href":"https:\/\/lamendigapolitica.com\/index.php?rest_route=%2Fwp%2Fv2%2Ftags&post=81355"}],"curies":[{"name":"wp","href":"https:\/\/api.w.org\/{rel}","templated":true}]}}