{"id":81352,"date":"2025-07-04T20:09:30","date_gmt":"2025-07-05T02:09:30","guid":{"rendered":"https:\/\/lamendigapolitica.com\/?p=81352"},"modified":"2025-07-11T20:19:25","modified_gmt":"2025-07-12T02:19:25","slug":"tlajo-instala-la-mesa-de-financiamiento-del-proyecto-de-la-universidad-aeronautica-de-la-udeg","status":"publish","type":"post","link":"https:\/\/lamendigapolitica.com\/?p=81352","title":{"rendered":"Tlajo instala la mesa de financiamiento del proyecto de la Universidad Aeron\u00e1utica de la UdeG"},"content":{"rendered":"<p><img loading=\"lazy\" decoding=\"async\" class=\"aligncenter size-full wp-image-81353\" src=\"https:\/\/lamendigapolitica.com\/wp-content\/uploads\/2025\/07\/03.jpg\" alt=\"\" width=\"1199\" height=\"630\" srcset=\"https:\/\/lamendigapolitica.com\/wp-content\/uploads\/2025\/07\/03.jpg 1199w, https:\/\/lamendigapolitica.com\/wp-content\/uploads\/2025\/07\/03-300x158.jpg 300w, https:\/\/lamendigapolitica.com\/wp-content\/uploads\/2025\/07\/03-1024x538.jpg 1024w, https:\/\/lamendigapolitica.com\/wp-content\/uploads\/2025\/07\/03-768x404.jpg 768w, https:\/\/lamendigapolitica.com\/wp-content\/uploads\/2025\/07\/03-555x292.jpg 555w\" sizes=\"auto, (max-width: 1199px) 100vw, 1199px\" \/><\/p>\n<p>Adelantan que en febrero de 2026 podr\u00edan iniciar los servicios educativos con bachillerato t\u00e9cnico<\/p>\n<p>El presidente municipal Gerardo Quirino Vel\u00e1zquez Ch\u00e1vez encabez\u00f3 la instalaci\u00f3n oficial de la mesa tem\u00e1tica de financiamiento para el proyecto de la Universidad Aeron\u00e1utica, una iniciativa conjunta entre la Universidad de Guadalajara, el Gobierno de Jalisco, el Grupo Aeroportuario del Pac\u00edfico (GAP) y el ejido de El Zapote.<!--more--><\/p>\n<p>El alcalde de Tlajomulco destac\u00f3 la relevancia de esta gran alianza institucional y social, que tambi\u00e9n incluye al sector empresarial a trav\u00e9s del Consejo de Colaboraci\u00f3n Municipal, con el objetivo de consolidar una extensi\u00f3n del Centro Universitario de Tlajomulco (CUTlajo). Esta nueva sede ofrecer\u00e1 educaci\u00f3n media superior y superior, con perfiles profesionales alineados a las necesidades que genera el crecimiento del Aeropuerto Internacional de Guadalajara.<\/p>\n<p>\u201cHoy lo que queremos es dejar formalmente instalada esta mesa, tener la participaci\u00f3n de algunas y algunos de nosotros para que, a partir de ello, nos llevemos tareas espec\u00edficas y nos pongamos todos a trabajar, a darle con todo, a contribuir con este importante anhelo y sue\u00f1o. Hoy, platicando previamente, ya hay noticias muy positivas: la Universidad de Guadalajara se est\u00e1 preparando para iniciar acciones en este momento que permitan avanzar con un traje a la medida. La idea es culminar con este gran espacio f\u00edsico como extensi\u00f3n del Centro Universitario y de nuestros bachilleratos. Lo m\u00e1s importante es tener esta gran oferta educativa para nuestras y nuestros j\u00f3venes, que aprovechen las oportunidades laborales que est\u00e1n llegando a nuestro municipio\u201d, destac\u00f3 el alcalde.<\/p>\n<p>&nbsp;<\/p>\n<p>En representaci\u00f3n de la rectora general Karla Planter, el vicerrector H\u00e9ctor Ra\u00fal Sol\u00eds reiter\u00f3 el compromiso institucional de la Universidad de Guadalajara con este ambicioso proyecto, que busca sumar a diversos sectores sociales para brindar mayores oportunidades educativas y de desarrollo profesional en la regi\u00f3n.<\/p>\n<p>&nbsp;<\/p>\n<p>\u201cEstamos dise\u00f1ando esta oferta de servicios educativos; ya se est\u00e1 trabajando en varios escenarios. La idea es poder ofrecer los primeros servicios educativos en febrero de 2026. Reiteramos nuestro compromiso y el gusto que nos da estar contribuyendo a este gran proyecto. \u00a1Felicidades, Tlajomulco! Y tambi\u00e9n al ejido y a todo Jalisco. Presidente, no le vamos a fallar a Tlajomulco\u201d, afirm\u00f3 el funcionario universitario.<\/p>\n<p>&nbsp;<\/p>\n<p>Durante la sesi\u00f3n se acord\u00f3 que, mientras se resuelven los aspectos jur\u00eddicos, financieros y de infraestructura para la edificaci\u00f3n del nuevo plantel, el proyecto podr\u00e1 arrancar desde sedes provisionales como el CUTlajo, la Preparatoria de El Zapote y las aulas educativas ubicadas en el Aeropuerto Internacional de Guadalajara.<\/p>\n<p>&nbsp;<\/p>\n<p>Por su parte, Alejandra Soto, representante de la fundaci\u00f3n educativa del Grupo Aeroportuario del Pac\u00edfico, subray\u00f3 la importancia de formar a nuevas generaciones en perfiles t\u00e9cnicos acordes con las necesidades operativas del aeropuerto y la industria aeron\u00e1utica.<\/p>\n<p>&nbsp;<\/p>\n<p>\u201cDe parte del Grupo Aeroportuario del Pac\u00edfico, nos llena de entusiasmo saber que se est\u00e1 trabajando en tener fechas claras para el arranque de estos bachilleratos t\u00e9cnicos. Sabemos que van a aportar much\u00edsimo a la regi\u00f3n, a Tlajomulco y al estado. Esta suma de esfuerzos que usted est\u00e1 encabezando desde el Ayuntamiento de Tlajomulco nos llena de orgullo. Muchas gracias tambi\u00e9n a la Universidad de Guadalajara por creer y sumarse al proyecto\u201d, expres\u00f3.<\/p>\n<p>&nbsp;<\/p>\n<p>En la instalaci\u00f3n de la mesa tem\u00e1tica de financiamiento para el proyecto de la Universidad Aeron\u00e1utica estuvieron presentes Jorge Casillas, representante de la Secretar\u00eda General de Gobierno de Jalisco; C\u00e9sar Barba Delgadillo, secretario general de la Universidad de Guadalajara; Guillermo G\u00f3mez Mata, rector del Centro Universitario de Tlajomulco; Leticia Leal Moya, del Modelo Dual de la UdeG; Armando G\u00f3mez Flores, secretario t\u00e9cnico del Consejo de Colaboraci\u00f3n Municipal; la regidora Miriam Violeta Vega, as\u00ed como funcionarios municipales y universitarios.<\/p>\n<p>&nbsp;<\/p>\n","protected":false},"excerpt":{"rendered":"<p>Adelantan que en febrero de 2026 podr\u00edan iniciar los servicios educativos con bachillerato t\u00e9cnico El presidente municipal Gerardo Quirino Vel\u00e1zquez Ch\u00e1vez encabez\u00f3 la instalaci\u00f3n oficial de la mesa tem\u00e1tica de financiamiento para el proyecto de la Universidad Aeron\u00e1utica, una iniciativa conjunta entre la Universidad de Guadalajara, el Gobierno de Jalisco, el Grupo Aeroportuario del Pac\u00edfico &hellip; <\/p>\n<p><a class=\"more-link btn\" href=\"https:\/\/lamendigapolitica.com\/?p=81352\">Seguir leyendo<\/a><\/p>\n","protected":false},"author":1,"featured_media":0,"comment_status":"open","ping_status":"closed","sticky":false,"template":"","format":"standard","meta":{"footnotes":""},"categories":[101,42,97,28,20,31,38,102,27,106],"tags":[],"class_list":["post-81352","post","type-post","status-publish","format-standard","hentry","category-cine","category-clima","category-comunicacion","category-educacion","category-gobierno","category-internacional","category-movilidad","category-municipio","category-seguridad","category-universidad","item-wrap"],"_links":{"self":[{"href":"https:\/\/lamendigapolitica.com\/index.php?rest_route=\/wp\/v2\/posts\/81352","targetHints":{"allow":["GET"]}}],"collection":[{"href":"https:\/\/lamendigapolitica.com\/index.php?rest_route=\/wp\/v2\/posts"}],"about":[{"href":"https:\/\/lamendigapolitica.com\/index.php?rest_route=\/wp\/v2\/types\/post"}],"author":[{"embeddable":true,"href":"https:\/\/lamendigapolitica.com\/index.php?rest_route=\/wp\/v2\/users\/1"}],"replies":[{"embeddable":true,"href":"https:\/\/lamendigapolitica.com\/index.php?rest_route=%2Fwp%2Fv2%2Fcomments&post=81352"}],"version-history":[{"count":1,"href":"https:\/\/lamendigapolitica.com\/index.php?rest_route=\/wp\/v2\/posts\/81352\/revisions"}],"predecessor-version":[{"id":81354,"href":"https:\/\/lamendigapolitica.com\/index.php?rest_route=\/wp\/v2\/posts\/81352\/revisions\/81354"}],"wp:attachment":[{"href":"https:\/\/lamendigapolitica.com\/index.php?rest_route=%2Fwp%2Fv2%2Fmedia&parent=81352"}],"wp:term":[{"taxonomy":"category","embeddable":true,"href":"https:\/\/lamendigapolitica.com\/index.php?rest_route=%2Fwp%2Fv2%2Fcategories&post=81352"},{"taxonomy":"post_tag","embeddable":true,"href":"https:\/\/lamendigapolitica.com\/index.php?rest_route=%2Fwp%2Fv2%2Ftags&post=81352"}],"curies":[{"name":"wp","href":"https:\/\/api.w.org\/{rel}","templated":true}]}}