{"id":81335,"date":"2025-07-02T13:42:48","date_gmt":"2025-07-02T19:42:48","guid":{"rendered":"https:\/\/lamendigapolitica.com\/?p=81335"},"modified":"2025-07-03T13:47:26","modified_gmt":"2025-07-03T19:47:26","slug":"rescatan-17-perros-en-la-colonia-el-dean","status":"publish","type":"post","link":"https:\/\/lamendigapolitica.com\/?p=81335","title":{"rendered":"Rescatan 17 perros en la colonia El De\u00e1n"},"content":{"rendered":"<p><img loading=\"lazy\" decoding=\"async\" class=\"aligncenter size-full wp-image-81336\" src=\"https:\/\/lamendigapolitica.com\/wp-content\/uploads\/2025\/07\/Foto-comunicado-704-2.jpeg\" alt=\"\" width=\"1280\" height=\"960\" srcset=\"https:\/\/lamendigapolitica.com\/wp-content\/uploads\/2025\/07\/Foto-comunicado-704-2.jpeg 1280w, https:\/\/lamendigapolitica.com\/wp-content\/uploads\/2025\/07\/Foto-comunicado-704-2-300x225.jpeg 300w, https:\/\/lamendigapolitica.com\/wp-content\/uploads\/2025\/07\/Foto-comunicado-704-2-1024x768.jpeg 1024w, https:\/\/lamendigapolitica.com\/wp-content\/uploads\/2025\/07\/Foto-comunicado-704-2-768x576.jpeg 768w, https:\/\/lamendigapolitica.com\/wp-content\/uploads\/2025\/07\/Foto-comunicado-704-2-555x416.jpeg 555w\" sizes=\"auto, (max-width: 1280px) 100vw, 1280px\" \/><\/p>\n<p>Diecisiete caninos que se encontraban en condiciones de hacinamiento en la Colonia el De\u00e1n, en Guadalajara, fueron resguardados tras un operativo de la Vicefiscal\u00eda en Investigaci\u00f3n Especializada en Concertaci\u00f3n Social con el apoyo de la Unidad de Protecci\u00f3n Animal de Guadalajara.<\/p>\n<p>Elementos de la Unidad de Investigaci\u00f3n Especializada en Delitos Varios acudieron el mediod\u00eda de ayer, 1 de julio, al domicilio se\u00f1alado tras una denuncia an\u00f3nima, lo que permiti\u00f3 revisar las condiciones en las que se encontraban los 17 perros \u2014en su mayor\u00eda cachorros\u2014 y proceder a su resguardo.<!--more--><\/p>\n<p>Tras un di\u00e1logo con quien se identific\u00f3 como el propietario, se acord\u00f3 la entrega voluntaria de los animales para atenderlos en el Centro de Control Animal de Guadalajara, donde se les har\u00e1n las valoraciones necesarias para su atenci\u00f3n veterinaria y, en su caso, la posterior puesta en adopci\u00f3n.<\/p>\n<p>Personal de Protecci\u00f3n Animal procedi\u00f3 al resguardo de cada uno de los animales, mismos que fueron trasladados al Centro de Control Animal en dos camionetas.<\/p>\n<p>La Fiscal\u00eda del Estado, a trav\u00e9s de la Vicefiscal\u00eda en Investigaci\u00f3n Especializada en Concertaci\u00f3n Social, reafirma su compromiso con el bienestar de cada miembro de nuestra comunidad, adem\u00e1s, se invita a la ciudadan\u00eda a la adopci\u00f3n responsable de mascotas que se encuentran disponibles en las comunidades de protecci\u00f3n animal.<\/p>\n","protected":false},"excerpt":{"rendered":"<p>Diecisiete caninos que se encontraban en condiciones de hacinamiento en la Colonia el De\u00e1n, en Guadalajara, fueron resguardados tras un operativo de la Vicefiscal\u00eda en Investigaci\u00f3n Especializada en Concertaci\u00f3n Social con el apoyo de la Unidad de Protecci\u00f3n Animal de Guadalajara. Elementos de la Unidad de Investigaci\u00f3n Especializada en Delitos Varios acudieron el mediod\u00eda de &hellip; <\/p>\n<p><a class=\"more-link btn\" href=\"https:\/\/lamendigapolitica.com\/?p=81335\">Seguir leyendo<\/a><\/p>\n","protected":false},"author":1,"featured_media":0,"comment_status":"open","ping_status":"closed","sticky":false,"template":"","format":"standard","meta":{"footnotes":""},"categories":[107,42,43,20,29,27,22],"tags":[],"class_list":["post-81335","post","type-post","status-publish","format-standard","hentry","category-alimentos","category-clima","category-ecologia","category-gobierno","category-salud","category-seguridad","category-sociales","item-wrap"],"_links":{"self":[{"href":"https:\/\/lamendigapolitica.com\/index.php?rest_route=\/wp\/v2\/posts\/81335","targetHints":{"allow":["GET"]}}],"collection":[{"href":"https:\/\/lamendigapolitica.com\/index.php?rest_route=\/wp\/v2\/posts"}],"about":[{"href":"https:\/\/lamendigapolitica.com\/index.php?rest_route=\/wp\/v2\/types\/post"}],"author":[{"embeddable":true,"href":"https:\/\/lamendigapolitica.com\/index.php?rest_route=\/wp\/v2\/users\/1"}],"replies":[{"embeddable":true,"href":"https:\/\/lamendigapolitica.com\/index.php?rest_route=%2Fwp%2Fv2%2Fcomments&post=81335"}],"version-history":[{"count":1,"href":"https:\/\/lamendigapolitica.com\/index.php?rest_route=\/wp\/v2\/posts\/81335\/revisions"}],"predecessor-version":[{"id":81337,"href":"https:\/\/lamendigapolitica.com\/index.php?rest_route=\/wp\/v2\/posts\/81335\/revisions\/81337"}],"wp:attachment":[{"href":"https:\/\/lamendigapolitica.com\/index.php?rest_route=%2Fwp%2Fv2%2Fmedia&parent=81335"}],"wp:term":[{"taxonomy":"category","embeddable":true,"href":"https:\/\/lamendigapolitica.com\/index.php?rest_route=%2Fwp%2Fv2%2Fcategories&post=81335"},{"taxonomy":"post_tag","embeddable":true,"href":"https:\/\/lamendigapolitica.com\/index.php?rest_route=%2Fwp%2Fv2%2Ftags&post=81335"}],"curies":[{"name":"wp","href":"https:\/\/api.w.org\/{rel}","templated":true}]}}