{"id":81332,"date":"2025-06-30T13:37:15","date_gmt":"2025-06-30T19:37:15","guid":{"rendered":"https:\/\/lamendigapolitica.com\/?p=81332"},"modified":"2025-07-03T13:42:37","modified_gmt":"2025-07-03T19:42:37","slug":"concede-juzgado-suspension-condicional-a-los-alegres-del-barranco","status":"publish","type":"post","link":"https:\/\/lamendigapolitica.com\/?p=81332","title":{"rendered":"Concede juzgado suspensi\u00f3n condicional a Los Alegres del Barranco"},"content":{"rendered":"<p><img loading=\"lazy\" decoding=\"async\" class=\"aligncenter size-full wp-image-81333\" src=\"https:\/\/lamendigapolitica.com\/wp-content\/uploads\/2025\/07\/05.avif\" alt=\"\" width=\"1004\" height=\"565\" srcset=\"https:\/\/lamendigapolitica.com\/wp-content\/uploads\/2025\/07\/05.avif 1004w, https:\/\/lamendigapolitica.com\/wp-content\/uploads\/2025\/07\/05-300x169.avif 300w, https:\/\/lamendigapolitica.com\/wp-content\/uploads\/2025\/07\/05-768x432.avif 768w, https:\/\/lamendigapolitica.com\/wp-content\/uploads\/2025\/07\/05-555x312.avif 555w\" sizes=\"auto, (max-width: 1004px) 100vw, 1004px\" \/><\/p>\n<p>La investigaci\u00f3n que se realizaba a\u00a0 los Alegres del Barranco por apolog\u00eda del delito, recibi\u00f3 hoy una suspensi\u00f3n condicional del proceso por parte de un Juzgado.<\/p>\n<p>El proceso iniciado por la Vicefiscal\u00eda en Investigaci\u00f3n Especializada en Concertaci\u00f3n Social tras una presentaci\u00f3n el pasado 29 de marzo en un recinto musical en el Municipio de Zapopan, fue suspendido por seis meses tras un debate en el que esta Representaci\u00f3n Social y la agrupaci\u00f3n musical acordaron, ante Juzgado, distintas condiciones a cumplir, as\u00ed como la reparaci\u00f3n del da\u00f1o.<!--more--><\/p>\n<p>En las acciones de reparaci\u00f3n del da\u00f1o \u2014conforme lo establece el numeral 194 del C\u00f3digo Nacional de Procedimientos Penales\u2014 se estableci\u00f3 el pago de 50 mil pesos por cada persona que estaba se\u00f1alada en el proceso, es decir, un total de 300 mil pesos que ser\u00e1n destinados a alguna instituci\u00f3n ben\u00e9fica, donaci\u00f3n que deber\u00e1 realizarse dentro de los pr\u00f3ximos diez d\u00edas.<\/p>\n<p>Por otra parte, como condiciones a cumplir se establecieron las se\u00f1aladas en el Art\u00edculo 195 del mismo C\u00f3digo Penal, consistentes en residir en el Estado de Jalisco, as\u00ed como acudir a firmar cada tres meses ante el Juzgado y realizar al menos dos pl\u00e1ticas de sensibilizaci\u00f3n y prevenci\u00f3n del delito en la Zona Metropolitana de Guadalajara y en el Municipio de Zapotl\u00e1n el Grande.<\/p>\n<p>Del mismo modo, la agrupaci\u00f3n ya realiz\u00f3 una canci\u00f3n con contenido positivo y de prevenci\u00f3n, misma que forma parte de las medidas acordadas.<\/p>\n<p>La Fiscal\u00eda del Estado reitera su compromiso con la justicia, logrando a trav\u00e9s de la concertaci\u00f3n social una respuesta contundente que previene la apolog\u00eda del delito y fomenta una cultura de legalidad.<\/p>\n","protected":false},"excerpt":{"rendered":"<p>La investigaci\u00f3n que se realizaba a\u00a0 los Alegres del Barranco por apolog\u00eda del delito, recibi\u00f3 hoy una suspensi\u00f3n condicional del proceso por parte de un Juzgado. El proceso iniciado por la Vicefiscal\u00eda en Investigaci\u00f3n Especializada en Concertaci\u00f3n Social tras una presentaci\u00f3n el pasado 29 de marzo en un recinto musical en el Municipio de Zapopan, &hellip; <\/p>\n<p><a class=\"more-link btn\" href=\"https:\/\/lamendigapolitica.com\/?p=81332\">Seguir leyendo<\/a><\/p>\n","protected":false},"author":1,"featured_media":0,"comment_status":"open","ping_status":"closed","sticky":false,"template":"","format":"standard","meta":{"footnotes":""},"categories":[101,97,26,20,98,102,37,3,27,22],"tags":[],"class_list":["post-81332","post","type-post","status-publish","format-standard","hentry","category-cine","category-comunicacion","category-cultura","category-gobierno","category-justicia","category-municipio","category-nacional","category-politica","category-seguridad","category-sociales","item-wrap"],"_links":{"self":[{"href":"https:\/\/lamendigapolitica.com\/index.php?rest_route=\/wp\/v2\/posts\/81332","targetHints":{"allow":["GET"]}}],"collection":[{"href":"https:\/\/lamendigapolitica.com\/index.php?rest_route=\/wp\/v2\/posts"}],"about":[{"href":"https:\/\/lamendigapolitica.com\/index.php?rest_route=\/wp\/v2\/types\/post"}],"author":[{"embeddable":true,"href":"https:\/\/lamendigapolitica.com\/index.php?rest_route=\/wp\/v2\/users\/1"}],"replies":[{"embeddable":true,"href":"https:\/\/lamendigapolitica.com\/index.php?rest_route=%2Fwp%2Fv2%2Fcomments&post=81332"}],"version-history":[{"count":1,"href":"https:\/\/lamendigapolitica.com\/index.php?rest_route=\/wp\/v2\/posts\/81332\/revisions"}],"predecessor-version":[{"id":81334,"href":"https:\/\/lamendigapolitica.com\/index.php?rest_route=\/wp\/v2\/posts\/81332\/revisions\/81334"}],"wp:attachment":[{"href":"https:\/\/lamendigapolitica.com\/index.php?rest_route=%2Fwp%2Fv2%2Fmedia&parent=81332"}],"wp:term":[{"taxonomy":"category","embeddable":true,"href":"https:\/\/lamendigapolitica.com\/index.php?rest_route=%2Fwp%2Fv2%2Fcategories&post=81332"},{"taxonomy":"post_tag","embeddable":true,"href":"https:\/\/lamendigapolitica.com\/index.php?rest_route=%2Fwp%2Fv2%2Ftags&post=81332"}],"curies":[{"name":"wp","href":"https:\/\/api.w.org\/{rel}","templated":true}]}}