{"id":81329,"date":"2025-06-27T13:29:41","date_gmt":"2025-06-27T19:29:41","guid":{"rendered":"https:\/\/lamendigapolitica.com\/?p=81329"},"modified":"2025-07-03T13:36:53","modified_gmt":"2025-07-03T19:36:53","slug":"falta-una-radiografia-de-arboles-del-area-metropolitana-de-guadalajara","status":"publish","type":"post","link":"https:\/\/lamendigapolitica.com\/?p=81329","title":{"rendered":"Falta una radiograf\u00eda de \u00e1rboles del \u00c1rea Metropolitana de Guadalajara"},"content":{"rendered":"<p><img loading=\"lazy\" decoding=\"async\" class=\"aligncenter size-full wp-image-81330\" src=\"https:\/\/lamendigapolitica.com\/wp-content\/uploads\/2025\/07\/09.jpg\" alt=\"\" width=\"1167\" height=\"760\" srcset=\"https:\/\/lamendigapolitica.com\/wp-content\/uploads\/2025\/07\/09.jpg 1167w, https:\/\/lamendigapolitica.com\/wp-content\/uploads\/2025\/07\/09-300x195.jpg 300w, https:\/\/lamendigapolitica.com\/wp-content\/uploads\/2025\/07\/09-1024x667.jpg 1024w, https:\/\/lamendigapolitica.com\/wp-content\/uploads\/2025\/07\/09-768x500.jpg 768w, https:\/\/lamendigapolitica.com\/wp-content\/uploads\/2025\/07\/09-555x361.jpg 555w\" sizes=\"auto, (max-width: 1167px) 100vw, 1167px\" \/><\/p>\n<p>Especialista se\u00f1ala que s\u00ed hay algunos inventarios, pero falta saber d\u00f3nde y c\u00f3mo est\u00e1n, y si hay riesgo para la poblaci\u00f3n<\/p>\n<p>Aunque existen algunos inventarios parciales sobre cu\u00e1ntos \u00e1rboles existen en el \u00c1rea Metropolitana de Guadalajara, es indispensable sumar esfuerzos y trabajar en conjunto para disponer de una radiograf\u00eda de dichos \u00e1rboles, a fin de saber d\u00f3nde est\u00e1n, c\u00f3mo est\u00e1n y si representan alg\u00fan tipo de riesgo para la poblaci\u00f3n.<!--more--><\/p>\n<p>Esto lo inform\u00f3 en rueda de prensa, organizada en el marco del D\u00eda Internacional del \u00c1rbol \u201328 de junio\u2013, la doctora Margarita Anaya Corona, profesora del Departamento de Geograf\u00eda y Ordenaci\u00f3n Territorial del Centro Universitario de Ciencias Sociales y Humanidades (CUCSH).<\/p>\n<p>&nbsp;<\/p>\n<p>\u201cDe acuerdo con estudios, las especies que predominan son: eucalipto, jacaranda, casuarina y fresno, que es de los m\u00e1s representativos. Un inventario urbano sobre el arbolado en los espacios p\u00fablicos se\u00f1ala que Guadalajara es el municipio que m\u00e1s \u00e1rboles tiene con 462 mil 453; le siguen Zapopan, San Pedro Tlaquepaque, Tlajomulco de Z\u00fa\u00f1iga, Tonal\u00e1, El Salto y Juanacatl\u00e1n; pero no solamente es decir cu\u00e1ntos \u00e1rboles tenemos, sino d\u00f3nde est\u00e1n y c\u00f3mo, estas preguntas todav\u00eda no es posible responderlas\u201d, declar\u00f3.<\/p>\n<p>&nbsp;<\/p>\n<p>Explic\u00f3 que el temporal de lluvias es un buen tiempo para reforestar, hacer una planeaci\u00f3n en ese sentido y reponer los \u00e1rboles que han ca\u00eddo, porque en dicho temporal desempe\u00f1an un papel muy importante al contribuir a prevenir deslaves, absorben el exceso de agua, minimizan las inundaciones, ayudan a estabilizar el suelo, evitan la erosi\u00f3n y act\u00faan como cortinas rompevientos; aunque tambi\u00e9n representan algunos riesgos.<\/p>\n<p>&nbsp;<\/p>\n<p>\u201cTambi\u00e9n es real que en esta temporada los \u00e1rboles m\u00e1s longevos, o aquellos que est\u00e1n enfermos o tienen alg\u00fan da\u00f1o, tienden a caerse. De acuerdo con estudios, se ha encontrado que los ficus y los eucaliptos son los que m\u00e1s tienden a caer, de ah\u00ed la importancia de que la comunidad reporte \u00e1rboles que puedan ser un riesgo\u201d, subray\u00f3.<\/p>\n<p>&nbsp;<\/p>\n<p>Lament\u00f3 que otro problema vigente es el mu\u00e9rdago, una planta par\u00e1sita con alta presencia en el AMG, y cuyas semillas son dispersadas por las aves, lo que favorece su propagaci\u00f3n.<\/p>\n<p>&nbsp;<\/p>\n<p>\u201cEs un problema que todav\u00eda tenemos y m\u00e1s porque la manera de eliminar estas plantas par\u00e1sitas es a trav\u00e9s de la poda, y la realidad es que se tiene poco personal en los ayuntamientos; esto contribuye a que se disperse\u201d, precis\u00f3.<\/p>\n<p>&nbsp;<\/p>\n<p>La doctora Ana Isabel Ram\u00edrez Quintana, profesora del Departamento de Ciencias Ambientales del Centro Universitario de Ciencias Biol\u00f3gicas y Agropecuarias (CUCBA), explic\u00f3 que han trabajado en colaboraci\u00f3n con los ayuntamientos de Guadalajara, Zapopan, Ixtlahuac\u00e1n del R\u00edo, Zapotl\u00e1n El Grande, El Salto y Juanacatl\u00e1n, en materia de arbolado.<\/p>\n<p>&nbsp;<\/p>\n<p>\u201cFaltan \u00e1rboles en la ciudad. Guadalajara es una ciudad arbolada, sin embargo, hay zonas donde hace falta, porque equitativamente no es uniforme. Si observamos un mapa de la ciudad de Guadalajara y el \u00e1rea metropolitana, las zonas m\u00e1s elegantes o de mayor plusval\u00eda tienen mayor arbolado, y no es cuesti\u00f3n de dinero, es trabajo voluntario y muchas personas s\u00ed lo hacen\u201d, indic\u00f3.<\/p>\n<p>&nbsp;<\/p>\n<p>Agreg\u00f3 que la ciudadan\u00eda tiene una gran parte de la responsabilidad, ya que cuentan con \u00e1rboles dentro de su casa y son parte de su responsabilidad; por lo que el llamado es a trabajar en vinculaci\u00f3n con quienes manejan parques, jardines y los arbolados p\u00fablicos, y comunicarse con las instancias correspondientes en casos de riesgos.<\/p>\n","protected":false},"excerpt":{"rendered":"<p>Especialista se\u00f1ala que s\u00ed hay algunos inventarios, pero falta saber d\u00f3nde y c\u00f3mo est\u00e1n, y si hay riesgo para la poblaci\u00f3n Aunque existen algunos inventarios parciales sobre cu\u00e1ntos \u00e1rboles existen en el \u00c1rea Metropolitana de Guadalajara, es indispensable sumar esfuerzos y trabajar en conjunto para disponer de una radiograf\u00eda de dichos \u00e1rboles, a fin de &hellip; <\/p>\n<p><a class=\"more-link btn\" href=\"https:\/\/lamendigapolitica.com\/?p=81329\">Seguir leyendo<\/a><\/p>\n","protected":false},"author":1,"featured_media":0,"comment_status":"open","ping_status":"closed","sticky":false,"template":"","format":"standard","meta":{"footnotes":""},"categories":[42,26,43,28,102,22,41,106],"tags":[],"class_list":["post-81329","post","type-post","status-publish","format-standard","hentry","category-clima","category-cultura","category-ecologia","category-educacion","category-municipio","category-sociales","category-tecnologia","category-universidad","item-wrap"],"_links":{"self":[{"href":"https:\/\/lamendigapolitica.com\/index.php?rest_route=\/wp\/v2\/posts\/81329","targetHints":{"allow":["GET"]}}],"collection":[{"href":"https:\/\/lamendigapolitica.com\/index.php?rest_route=\/wp\/v2\/posts"}],"about":[{"href":"https:\/\/lamendigapolitica.com\/index.php?rest_route=\/wp\/v2\/types\/post"}],"author":[{"embeddable":true,"href":"https:\/\/lamendigapolitica.com\/index.php?rest_route=\/wp\/v2\/users\/1"}],"replies":[{"embeddable":true,"href":"https:\/\/lamendigapolitica.com\/index.php?rest_route=%2Fwp%2Fv2%2Fcomments&post=81329"}],"version-history":[{"count":1,"href":"https:\/\/lamendigapolitica.com\/index.php?rest_route=\/wp\/v2\/posts\/81329\/revisions"}],"predecessor-version":[{"id":81331,"href":"https:\/\/lamendigapolitica.com\/index.php?rest_route=\/wp\/v2\/posts\/81329\/revisions\/81331"}],"wp:attachment":[{"href":"https:\/\/lamendigapolitica.com\/index.php?rest_route=%2Fwp%2Fv2%2Fmedia&parent=81329"}],"wp:term":[{"taxonomy":"category","embeddable":true,"href":"https:\/\/lamendigapolitica.com\/index.php?rest_route=%2Fwp%2Fv2%2Fcategories&post=81329"},{"taxonomy":"post_tag","embeddable":true,"href":"https:\/\/lamendigapolitica.com\/index.php?rest_route=%2Fwp%2Fv2%2Ftags&post=81329"}],"curies":[{"name":"wp","href":"https:\/\/api.w.org\/{rel}","templated":true}]}}