{"id":81325,"date":"2025-06-25T21:37:15","date_gmt":"2025-06-26T03:37:15","guid":{"rendered":"https:\/\/lamendigapolitica.com\/?p=81325"},"modified":"2025-06-27T21:52:21","modified_gmt":"2025-06-28T03:52:21","slug":"pedro-valtierra-fotografo-de-mitos-belleza-conflictos-y-desigualdades","status":"publish","type":"post","link":"https:\/\/lamendigapolitica.com\/?p=81325","title":{"rendered":"Pedro Valtierra: fot\u00f3grafo de mitos, belleza, conflictos y desigualdades"},"content":{"rendered":"<p><img loading=\"lazy\" decoding=\"async\" class=\"aligncenter size-full wp-image-81326\" src=\"https:\/\/lamendigapolitica.com\/wp-content\/uploads\/2025\/06\/009.jpg\" alt=\"\" width=\"1021\" height=\"791\" srcset=\"https:\/\/lamendigapolitica.com\/wp-content\/uploads\/2025\/06\/009.jpg 1021w, https:\/\/lamendigapolitica.com\/wp-content\/uploads\/2025\/06\/009-300x232.jpg 300w, https:\/\/lamendigapolitica.com\/wp-content\/uploads\/2025\/06\/009-768x595.jpg 768w, https:\/\/lamendigapolitica.com\/wp-content\/uploads\/2025\/06\/009-555x430.jpg 555w\" sizes=\"auto, (max-width: 1021px) 100vw, 1021px\" \/><\/p>\n<p>Periodistas, fotoperiodistas y estudiantes llenaron el patio del MUSA para la presentaci\u00f3n del libro \u201cSin miedo a la luz\u201d, de Pedro Valtierra, quien cumple 50 a\u00f1os de una larga trayectoria<\/p>\n<p>En el Museo de las Artes (MUSA) de la Universidad de Guadalajara fue presentado el libro Sin miedo a la luz, una retrospectiva del trabajo del fotoperiodista Pedro Valtierra; lo acomparon reconocidos fot\u00f3grafos y periodista, quienes celebraron el trabajo centrado en los mitos, la belleza natural, las conflictos y las desigualdades de M\u00e9xico.<!--more--><\/p>\n<p>El Coordinador de Artes Pl\u00e1sticas, Visuales y Digitales de la Coordinaci\u00f3n General de Extensi\u00f3n y Difusi\u00f3n Cultural (CGEDC), licenciado Ricardo Duarte M\u00e9ndez, destac\u00f3 que mediante su trabajo Valtierra nos presta sus ojos, sensibilidad, intuici\u00f3n y presencia en el lugar y en el momento precisos.<\/p>\n<p>&nbsp;<\/p>\n<p>\u201cNos presta tambi\u00e9n su tiempo, su creatividad, su legado, y lo hace desde la fotograf\u00eda que, en su caso, no es una simple herramienta de registro, sino un ejercicio sostenido de memoria, de conciencia cr\u00edtica y de responsabilidad social\u201d, resalt\u00f3.<\/p>\n<p>&nbsp;<\/p>\n<p>Pedro Valtierra habl\u00f3 de la emoci\u00f3n como fot\u00f3grafo al asistir a una corrida de toros, un partido de b\u00e9isbol o una conferencia de Juan Rulfo, que implica involucrarse en el tema; lo mismo cuando lleg\u00f3 a un desplazamiento de campesinos o a un basurero.<\/p>\n<p>&nbsp;<\/p>\n<p>\u201cNunca he tratado con superioridad al personaje retratado, aunque hay cosas que te duelen o gustan, yo siempre he estado con ganas de retratar con emoci\u00f3n y con respeto\u201d, declar\u00f3.<\/p>\n<p>&nbsp;<\/p>\n<p>Adem\u00e1s de la disposici\u00f3n para fotografiar, dijo que siempre se inform\u00f3 de manera exhaustiva sobre los lugares que caminar\u00eda y, con ello, concentrarse en los mejores disparos de la c\u00e1mara.<\/p>\n<p>&nbsp;<\/p>\n<p>\u201cMe emociona mucho tomar fotograf\u00edas, y eso me obliga a tomar pocas, es mi manera de conducirme y retratar, es la manera en que trabajo. No soy complaciente con mi trabajo, siempre pienso que puede hacerlo mejor, pensar las cosas con cuidado; pero a\u00fan as\u00ed, se falla\u201d, subray\u00f3 Valtierra.<\/p>\n<p>&nbsp;<\/p>\n<p>El fot\u00f3grafo y docente del Centro Universitario de Arte, Arquitectura y Dise\u00f1o (CUAAD), Rafael del R\u00edo, reconoci\u00f3 la amplia trayectoria de Valtierra en un pa\u00eds con recursos para poner la mirada: mitos, bellezas naturales y culturales; lleno de conflictos sociales y desigualdades, de protestas que exigen justicia y dignidad.<\/p>\n<p>&nbsp;<\/p>\n<p>Para Del R\u00edo, el trabajo de Valtierra proporciona un recurso independiente y paralelo a las notas informativas, y que es obligada referencia para los profesionales.<\/p>\n<p>&nbsp;<\/p>\n<p>\u201cSus fotograf\u00edas fueron los casos m\u00e1s especiales, escenas de la vida cotidiana que mostraban las formas de sentir, de ser, de protestar, de re\u00edr o de llorar la ciudad. Era la ventana en la que el fot\u00f3grafo nos daba los puntos de vista para entender c\u00f3mo viv\u00eda la gente, sus dramas y alegr\u00edas en el escenario de la televisi\u00f3n\u201d, dijo.<\/p>\n<p>&nbsp;<\/p>\n<p>El periodista independiente y actual columnista del medio SinEmbargo, Pedro Mellado, quien prologa Sin miedo a la luz, dijo que Valtierra es un fot\u00f3grafo que narra historias y cuyo trabajo se consideraba raro, porque se sal\u00eda de los moldes del periodismo gr\u00e1fico de la \u00e9poca, pues buscaba otro sentido y significado de la realidad.<\/p>\n<p>&nbsp;<\/p>\n<p>\u201cDio una dimensi\u00f3n a la fotograf\u00eda que no hab\u00eda en esa \u00e9poca. Es de resaltar la trascendencia del trabajo que Pedro hizo, la redefinici\u00f3n de la tarea period\u00edstica y su aportaci\u00f3n al fotoperiodismo\u201d, dijo.<\/p>\n<p>&nbsp;<\/p>\n<p>El periodista Diego Petersen dijo que el trabajo de los periodistas, y en particular de los fot\u00f3grafos, es \u201chacernos ver\u201d. De Valtierra dijo que ha mantenido su vigencia durante 50 a\u00f1os con la misma capacidad de expresi\u00f3n, libertad y con im\u00e1genes que ya son hist\u00f3ricas.<\/p>\n<p>&nbsp;<\/p>\n<p>\u201cEste tipo de trabajo no se hace con la c\u00e1mara, ni con la pluma, sino con la voluntad de ser periodista y esa necesidad de estar en el lugar donde suceden las cosas. Pedro ha demostrado que no le tiene miedo ni a las balas ni al poder, y mucho menos a la pluma\u201d, concluy\u00f3.<\/p>\n<p>&nbsp;<\/p>\n","protected":false},"excerpt":{"rendered":"<p>Periodistas, fotoperiodistas y estudiantes llenaron el patio del MUSA para la presentaci\u00f3n del libro \u201cSin miedo a la luz\u201d, de Pedro Valtierra, quien cumple 50 a\u00f1os de una larga trayectoria En el Museo de las Artes (MUSA) de la Universidad de Guadalajara fue presentado el libro Sin miedo a la luz, una retrospectiva del trabajo &hellip; <\/p>\n<p><a class=\"more-link btn\" href=\"https:\/\/lamendigapolitica.com\/?p=81325\">Seguir leyendo<\/a><\/p>\n","protected":false},"author":1,"featured_media":0,"comment_status":"open","ping_status":"closed","sticky":false,"template":"","format":"standard","meta":{"footnotes":""},"categories":[101,1,97,26,28,45,31,22,103,106],"tags":[],"class_list":["post-81325","post","type-post","status-publish","format-standard","hentry","category-cine","category-columnista","category-comunicacion","category-cultura","category-educacion","category-featured","category-internacional","category-sociales","category-teatro","category-universidad","item-wrap"],"_links":{"self":[{"href":"https:\/\/lamendigapolitica.com\/index.php?rest_route=\/wp\/v2\/posts\/81325","targetHints":{"allow":["GET"]}}],"collection":[{"href":"https:\/\/lamendigapolitica.com\/index.php?rest_route=\/wp\/v2\/posts"}],"about":[{"href":"https:\/\/lamendigapolitica.com\/index.php?rest_route=\/wp\/v2\/types\/post"}],"author":[{"embeddable":true,"href":"https:\/\/lamendigapolitica.com\/index.php?rest_route=\/wp\/v2\/users\/1"}],"replies":[{"embeddable":true,"href":"https:\/\/lamendigapolitica.com\/index.php?rest_route=%2Fwp%2Fv2%2Fcomments&post=81325"}],"version-history":[{"count":1,"href":"https:\/\/lamendigapolitica.com\/index.php?rest_route=\/wp\/v2\/posts\/81325\/revisions"}],"predecessor-version":[{"id":81327,"href":"https:\/\/lamendigapolitica.com\/index.php?rest_route=\/wp\/v2\/posts\/81325\/revisions\/81327"}],"wp:attachment":[{"href":"https:\/\/lamendigapolitica.com\/index.php?rest_route=%2Fwp%2Fv2%2Fmedia&parent=81325"}],"wp:term":[{"taxonomy":"category","embeddable":true,"href":"https:\/\/lamendigapolitica.com\/index.php?rest_route=%2Fwp%2Fv2%2Fcategories&post=81325"},{"taxonomy":"post_tag","embeddable":true,"href":"https:\/\/lamendigapolitica.com\/index.php?rest_route=%2Fwp%2Fv2%2Ftags&post=81325"}],"curies":[{"name":"wp","href":"https:\/\/api.w.org\/{rel}","templated":true}]}}