{"id":81315,"date":"2025-06-21T21:36:59","date_gmt":"2025-06-22T03:36:59","guid":{"rendered":"https:\/\/lamendigapolitica.com\/?p=81315"},"modified":"2025-06-23T21:42:23","modified_gmt":"2025-06-24T03:42:23","slug":"11-m-la-venganza-casimiro-garcia-abadillo","status":"publish","type":"post","link":"https:\/\/lamendigapolitica.com\/?p=81315","title":{"rendered":"11-M LA VENGANZA\/CASIMIRO GARC\u00cdA-ABADILLO"},"content":{"rendered":"<h3><span style=\"color: #666699;\"><img loading=\"lazy\" decoding=\"async\" class=\"alignleft size-medium wp-image-81316\" src=\"https:\/\/lamendigapolitica.com\/wp-content\/uploads\/2025\/06\/principal-11-m-la-venganza-es-682x1024-1-200x300.jpg\" alt=\"\" width=\"200\" height=\"300\" srcset=\"https:\/\/lamendigapolitica.com\/wp-content\/uploads\/2025\/06\/principal-11-m-la-venganza-es-682x1024-1-200x300.jpg 200w, https:\/\/lamendigapolitica.com\/wp-content\/uploads\/2025\/06\/principal-11-m-la-venganza-es-682x1024-1-555x833.jpg 555w, https:\/\/lamendigapolitica.com\/wp-content\/uploads\/2025\/06\/principal-11-m-la-venganza-es-682x1024-1.jpg 682w\" sizes=\"auto, (max-width: 200px) 100vw, 200px\" \/>EL LIBRO QUE RECOMIENDO <\/span><\/h3>\n<h3><span style=\"color: #666699;\">11-M LA VENGANZA CASIMIRO GARC\u00cdA-ABADILLO<\/span><\/h3>\n<p>Durante meses las alarmas hab\u00edan estado funcionando sin que nadie prestara atenci\u00f3n. Gobierno, oposici\u00f3n y cuerpos de seguridad dispon\u00edan de informaci\u00f3n dispersa, pero nadie fue capaz de encontrar la clave que pusiera en contacto todos los datos.<!--more--><\/p>\n<p>\u00bfHabr\u00eda sido posible para evitar los atentados del 11-M? El peor ataque terrorista de la historia de Espa\u00f1a suscita incontables preguntas, muchas de las cuales tal vez nunca tengan respuesta: \u00bffue Bin Laden quien orden\u00f3 la matanza o actuaron los terroristas por su cuenta? \u00bfEs cierta la tesis -nunca abandonada- de la colaboraci\u00f3n entre ETA y Al-Qaeda?<\/p>\n<p>El resultado de las elecciones legislativas celebradas tres d\u00edas despu\u00e9s de los atentados, con el inesperado cambio de gobierno y la inmediata reorientaci\u00f3n de la pol\u00edtica exterior espa\u00f1ola, abre la puerta a la tesis de Casimiro Garc\u00eda-Abadillo sobre una enigm\u00e1tica \u00abvenganza\u00bb que pudo tener muchos beneficiarios: \u00bffue una ETA contra las cuerdas la que facilit\u00f3 la acci\u00f3n de los fundamentalistas?<\/p>\n<p>\u00bfBuscaba Marruecos un nuevo Ejecutivo en Espa\u00f1a para fortalecer su posici\u00f3n en el S\u00e1hara Occidental? \u00bfSab\u00eda el Partido Socialista que un atentado con la firma de Al-Qaeda les proporcionar\u00eda la victoria en las urnas?<\/p>\n<p>El autor responde a estas y otras preguntas ofreciendo una narraci\u00f3n detallada de los hechos con abundante documentaci\u00f3n -gr\u00e1fica y textual- in\u00e9dita hasta el momento: la compleja trama del terrorismo fundamentalista, que hasta el 11-M utiliz\u00f3 Espa\u00f1a como base privilegiada; el desarrollo pormenorizado de la investigaci\u00f3n policial a partir de pistas m\u00ednimas; la valerosa actuaci\u00f3n del Tedax \u00abPedro\u00bb al desactivar la bomba que no hizo explosi\u00f3n; las misteriosas cartas recibidas en la redacci\u00f3n de \u00abEl Mundo\u00bb, en las que se anticipaba la tesis de la \u00abvenganza mora\u00bb.<\/p>\n<p>11-M. La venganza es una descripci\u00f3n pormenorizada y objetiva de un fen\u00f3meno tratado hasta ahora de manera incompleta, pasional o partidista, en un momento hist\u00f3rico en el que predomina un escenario de profunda crispaci\u00f3n: el enfrentamiento sordo entre las fuerzas pol\u00edticas espa\u00f1olas, la incertidumbre sobre el giro en pol\u00edtica exterior aplicado por el Gobierno del PSOE, sin olvidar el incesante tira y afloja con Marruecos.<\/p>\n","protected":false},"excerpt":{"rendered":"<p>EL LIBRO QUE RECOMIENDO 11-M LA VENGANZA CASIMIRO GARC\u00cdA-ABADILLO Durante meses las alarmas hab\u00edan estado funcionando sin que nadie prestara atenci\u00f3n. Gobierno, oposici\u00f3n y cuerpos de seguridad dispon\u00edan de informaci\u00f3n dispersa, pero nadie fue capaz de encontrar la clave que pusiera en contacto todos los datos.<\/p><p><a class=\"more-link btn\" href=\"https:\/\/lamendigapolitica.com\/?p=81315\">Seguir leyendo<\/a><\/p>\n","protected":false},"author":1,"featured_media":0,"comment_status":"open","ping_status":"closed","sticky":false,"template":"","format":"standard","meta":{"footnotes":""},"categories":[101,1,97,20,31,98,5,3,21,29,27,22],"tags":[],"class_list":["post-81315","post","type-post","status-publish","format-standard","hentry","category-cine","category-columnista","category-comunicacion","category-gobierno","category-internacional","category-justicia","category-partidos","category-politica","category-religion","category-salud","category-seguridad","category-sociales","item-wrap"],"_links":{"self":[{"href":"https:\/\/lamendigapolitica.com\/index.php?rest_route=\/wp\/v2\/posts\/81315","targetHints":{"allow":["GET"]}}],"collection":[{"href":"https:\/\/lamendigapolitica.com\/index.php?rest_route=\/wp\/v2\/posts"}],"about":[{"href":"https:\/\/lamendigapolitica.com\/index.php?rest_route=\/wp\/v2\/types\/post"}],"author":[{"embeddable":true,"href":"https:\/\/lamendigapolitica.com\/index.php?rest_route=\/wp\/v2\/users\/1"}],"replies":[{"embeddable":true,"href":"https:\/\/lamendigapolitica.com\/index.php?rest_route=%2Fwp%2Fv2%2Fcomments&post=81315"}],"version-history":[{"count":1,"href":"https:\/\/lamendigapolitica.com\/index.php?rest_route=\/wp\/v2\/posts\/81315\/revisions"}],"predecessor-version":[{"id":81317,"href":"https:\/\/lamendigapolitica.com\/index.php?rest_route=\/wp\/v2\/posts\/81315\/revisions\/81317"}],"wp:attachment":[{"href":"https:\/\/lamendigapolitica.com\/index.php?rest_route=%2Fwp%2Fv2%2Fmedia&parent=81315"}],"wp:term":[{"taxonomy":"category","embeddable":true,"href":"https:\/\/lamendigapolitica.com\/index.php?rest_route=%2Fwp%2Fv2%2Fcategories&post=81315"},{"taxonomy":"post_tag","embeddable":true,"href":"https:\/\/lamendigapolitica.com\/index.php?rest_route=%2Fwp%2Fv2%2Ftags&post=81315"}],"curies":[{"name":"wp","href":"https:\/\/api.w.org\/{rel}","templated":true}]}}