{"id":81312,"date":"2025-06-20T21:08:42","date_gmt":"2025-06-21T03:08:42","guid":{"rendered":"https:\/\/lamendigapolitica.com\/?p=81312"},"modified":"2025-06-23T21:12:15","modified_gmt":"2025-06-24T03:12:15","slug":"desinformacion-y-guerra-politica-thomas-rid","status":"publish","type":"post","link":"https:\/\/lamendigapolitica.com\/?p=81312","title":{"rendered":"Desinformaci\u00f3n y Guerra Pol\u00edtica\/Thomas Rid"},"content":{"rendered":"<h3><span style=\"color: #666699;\"><img loading=\"lazy\" decoding=\"async\" class=\"alignleft size-medium wp-image-81313\" src=\"https:\/\/lamendigapolitica.com\/wp-content\/uploads\/2025\/06\/visd_0000JPG01X0U-198x300.jpg\" alt=\"\" width=\"198\" height=\"300\" srcset=\"https:\/\/lamendigapolitica.com\/wp-content\/uploads\/2025\/06\/visd_0000JPG01X0U-198x300.jpg 198w, https:\/\/lamendigapolitica.com\/wp-content\/uploads\/2025\/06\/visd_0000JPG01X0U-677x1024.jpg 677w, https:\/\/lamendigapolitica.com\/wp-content\/uploads\/2025\/06\/visd_0000JPG01X0U-768x1162.jpg 768w, https:\/\/lamendigapolitica.com\/wp-content\/uploads\/2025\/06\/visd_0000JPG01X0U-1015x1536.jpg 1015w, https:\/\/lamendigapolitica.com\/wp-content\/uploads\/2025\/06\/visd_0000JPG01X0U-1354x2048.jpg 1354w, https:\/\/lamendigapolitica.com\/wp-content\/uploads\/2025\/06\/visd_0000JPG01X0U-555x840.jpg 555w, https:\/\/lamendigapolitica.com\/wp-content\/uploads\/2025\/06\/visd_0000JPG01X0U-scaled.jpg 1692w\" sizes=\"auto, (max-width: 198px) 100vw, 198px\" \/>EL LIBRO DE LA SEMANA <\/span><\/h3>\n<h3><span style=\"color: #666699;\">DESINFORMACI\u00d3N Y GUERRA POL\u00cdTICA THOMAS RID<\/span><\/h3>\n<p>Vivimos en una \u00e9poca de enga\u00f1os. Las agencias de espionaje de todo el mundo dedican una gran cantidad de recursos a hackear, filtrar y falsificar datos, a menudo con el objetivo de minar nuestra confianza en la informaci\u00f3n y debilitar la base misma de la democracia.<!--more--><\/p>\n<p>Thomas Rid, reconocido experto en tecnolog\u00eda y seguridad nacional, fue uno de los primeros en dar la voz de alarma sobre la interferencia en las elecciones presidenciales estadounidenses de 2016. Pero, por muy astutas que hayan llegado a ser estas medidas adoptadas por las agencias de espionaje, no son nada nuevo.<\/p>\n<p>En este asombroso viaje por un siglo de guerra psicol\u00f3gica secreta, Rid saca a la luz algunas de las operaciones m\u00e1s significativas de la historia, rastrea el aumento de las filtraciones y muestra c\u00f3mo los esp\u00edas comenzaron a explotar la cultura emergente de Internet mucho antes del caso WikiLeaks.<\/p>\n<p>Desinformaci\u00f3n y guerra pol\u00edtica nos conduce, como si de una visita guiada se tratara, por lo m\u00e1s profundo de un vasto sal\u00f3n de espejos, antiguos y nuevos, apuntando a un futuro de polarizaci\u00f3n dise\u00f1ada, pero tambi\u00e9n nos ofrece las herramientas para superar este enga\u00f1o.<\/p>\n","protected":false},"excerpt":{"rendered":"<p>EL LIBRO DE LA SEMANA DESINFORMACI\u00d3N Y GUERRA POL\u00cdTICA THOMAS RID Vivimos en una \u00e9poca de enga\u00f1os. Las agencias de espionaje de todo el mundo dedican una gran cantidad de recursos a hackear, filtrar y falsificar datos, a menudo con el objetivo de minar nuestra confianza en la informaci\u00f3n y debilitar la base misma de &hellip; <\/p>\n<p><a class=\"more-link btn\" href=\"https:\/\/lamendigapolitica.com\/?p=81312\">Seguir leyendo<\/a><\/p>\n","protected":false},"author":1,"featured_media":0,"comment_status":"open","ping_status":"closed","sticky":false,"template":"","format":"standard","meta":{"footnotes":""},"categories":[101,1,97,26,20,31,37,5,3,21,27,22,103,41],"tags":[],"class_list":["post-81312","post","type-post","status-publish","format-standard","hentry","category-cine","category-columnista","category-comunicacion","category-cultura","category-gobierno","category-internacional","category-nacional","category-partidos","category-politica","category-religion","category-seguridad","category-sociales","category-teatro","category-tecnologia","item-wrap"],"_links":{"self":[{"href":"https:\/\/lamendigapolitica.com\/index.php?rest_route=\/wp\/v2\/posts\/81312","targetHints":{"allow":["GET"]}}],"collection":[{"href":"https:\/\/lamendigapolitica.com\/index.php?rest_route=\/wp\/v2\/posts"}],"about":[{"href":"https:\/\/lamendigapolitica.com\/index.php?rest_route=\/wp\/v2\/types\/post"}],"author":[{"embeddable":true,"href":"https:\/\/lamendigapolitica.com\/index.php?rest_route=\/wp\/v2\/users\/1"}],"replies":[{"embeddable":true,"href":"https:\/\/lamendigapolitica.com\/index.php?rest_route=%2Fwp%2Fv2%2Fcomments&post=81312"}],"version-history":[{"count":1,"href":"https:\/\/lamendigapolitica.com\/index.php?rest_route=\/wp\/v2\/posts\/81312\/revisions"}],"predecessor-version":[{"id":81314,"href":"https:\/\/lamendigapolitica.com\/index.php?rest_route=\/wp\/v2\/posts\/81312\/revisions\/81314"}],"wp:attachment":[{"href":"https:\/\/lamendigapolitica.com\/index.php?rest_route=%2Fwp%2Fv2%2Fmedia&parent=81312"}],"wp:term":[{"taxonomy":"category","embeddable":true,"href":"https:\/\/lamendigapolitica.com\/index.php?rest_route=%2Fwp%2Fv2%2Fcategories&post=81312"},{"taxonomy":"post_tag","embeddable":true,"href":"https:\/\/lamendigapolitica.com\/index.php?rest_route=%2Fwp%2Fv2%2Ftags&post=81312"}],"curies":[{"name":"wp","href":"https:\/\/api.w.org\/{rel}","templated":true}]}}