{"id":81308,"date":"2025-06-22T20:59:11","date_gmt":"2025-06-23T02:59:11","guid":{"rendered":"https:\/\/lamendigapolitica.com\/?p=81308"},"modified":"2025-06-23T21:05:06","modified_gmt":"2025-06-24T03:05:06","slug":"al-servicio-de-su-majestad-fernando-rueda","status":"publish","type":"post","link":"https:\/\/lamendigapolitica.com\/?p=81308","title":{"rendered":"Al servicio de Su Majestad\/Fernando Rueda"},"content":{"rendered":"<h3><span style=\"color: #666699;\"><img loading=\"lazy\" decoding=\"async\" class=\"alignleft size-medium wp-image-81309\" src=\"https:\/\/lamendigapolitica.com\/wp-content\/uploads\/2025\/06\/Al-servicio-de-su-majestad-web-199x300.jpg\" alt=\"\" width=\"199\" height=\"300\" srcset=\"https:\/\/lamendigapolitica.com\/wp-content\/uploads\/2025\/06\/Al-servicio-de-su-majestad-web-199x300.jpg 199w, https:\/\/lamendigapolitica.com\/wp-content\/uploads\/2025\/06\/Al-servicio-de-su-majestad-web-555x835.jpg 555w, https:\/\/lamendigapolitica.com\/wp-content\/uploads\/2025\/06\/Al-servicio-de-su-majestad-web.jpg 600w\" sizes=\"auto, (max-width: 199px) 100vw, 199px\" \/>EL LIBRO DE LA SEMANA <\/span><\/h3>\n<h3><span style=\"color: #666699;\">AL SERVICIO DE SU MAJESTAD\/FERNANDO RUEDA<\/span><\/h3>\n<p>\u201cA lo largo de los a\u00f1os como periodista de investigaci\u00f3n, he desvelado en innumerables ocasiones los \u00e9xitos del CNI \u2013antes CESID\u2013 y tambi\u00e9n he denunciado sus excesos.<!--more--><\/p>\n<p>No solo no tengo nada contra ellos, sino que considero que hacen un gran servicio a Espa\u00f1a. Nadie duda, yo tampoco, de que los gobiernos exigen desde hace muchos a\u00f1os la actuaci\u00f3n de los servicios secretos para ayudarlos.<\/p>\n<p>Deben hacer lo que haga falta, aunque a veces se traspasen los l\u00edmites permitidos en un Estado de derecho.<\/p>\n<p>Al servicio de Su Majestad trata sobre las conexiones de la monarqu\u00eda con el servicio secreto, una perspectiva novedosa desde ambos puntos de vista.<\/p>\n<p>Me ha permitido descubrir una faceta oculta de los personajes principales, los reyes Juan Carlos I y Felipe VI, pero tambi\u00e9n de los jefes del espionaje y de muchos agentes sin los cuales no podr\u00eda comprenderse sus reinados.<\/p>\n<p>Fue la soledad del primero en la Espa\u00f1a franquista la que le empuj\u00f3 a darse cuenta de la necesidad de controlar a las Fuerzas Armadas y, tambi\u00e9n, la de buscar el escudo protector de los servicios de inteligencia, esos que espiaban intensamente a su padre, Don Juan, y tambi\u00e9n a \u00e9l.<\/p>\n<p>Por eso, una vez en la jefatura del Estado, siempre luch\u00f3 para conseguir que el director del espionaje fuera un hombre de su m\u00e1xima confianza.<\/p>\n<p>Daba igual la peripecia por la que pasara el rey, all\u00ed estaban ellos para sacarle del atolladero: conspiraciones para quitarle el trono, operaciones sucias contra pol\u00edticos, tel\u00e9fonos pinchados por la CIA, espiar y apartar de su lado a potentados amigos corruptos, hacer frente a las maniobras en su contra de algunas amantes, proteger a miembros de su familia, investigar la vida de posibles futuras reinas\u2026<\/p>\n<p>Cincuenta a\u00f1os de dedicaci\u00f3n que han cambiado con la llegada del rey Felipe, un punto de inflexi\u00f3n en la relaci\u00f3n monarqu\u00eda-gobierno-esp\u00edas\u201d.<\/p>\n<p>EL AUTOR<\/p>\n","protected":false},"excerpt":{"rendered":"<p>EL LIBRO DE LA SEMANA AL SERVICIO DE SU MAJESTAD\/FERNANDO RUEDA \u201cA lo largo de los a\u00f1os como periodista de investigaci\u00f3n, he desvelado en innumerables ocasiones los \u00e9xitos del CNI \u2013antes CESID\u2013 y tambi\u00e9n he denunciado sus excesos.<\/p><p><a class=\"more-link btn\" href=\"https:\/\/lamendigapolitica.com\/?p=81308\">Seguir leyendo<\/a><\/p>\n","protected":false},"author":1,"featured_media":0,"comment_status":"open","ping_status":"closed","sticky":false,"template":"","format":"standard","meta":{"footnotes":""},"categories":[101,42,1,97,26,31,37,5,3,27,22,41],"tags":[],"class_list":["post-81308","post","type-post","status-publish","format-standard","hentry","category-cine","category-clima","category-columnista","category-comunicacion","category-cultura","category-internacional","category-nacional","category-partidos","category-politica","category-seguridad","category-sociales","category-tecnologia","item-wrap"],"_links":{"self":[{"href":"https:\/\/lamendigapolitica.com\/index.php?rest_route=\/wp\/v2\/posts\/81308","targetHints":{"allow":["GET"]}}],"collection":[{"href":"https:\/\/lamendigapolitica.com\/index.php?rest_route=\/wp\/v2\/posts"}],"about":[{"href":"https:\/\/lamendigapolitica.com\/index.php?rest_route=\/wp\/v2\/types\/post"}],"author":[{"embeddable":true,"href":"https:\/\/lamendigapolitica.com\/index.php?rest_route=\/wp\/v2\/users\/1"}],"replies":[{"embeddable":true,"href":"https:\/\/lamendigapolitica.com\/index.php?rest_route=%2Fwp%2Fv2%2Fcomments&post=81308"}],"version-history":[{"count":1,"href":"https:\/\/lamendigapolitica.com\/index.php?rest_route=\/wp\/v2\/posts\/81308\/revisions"}],"predecessor-version":[{"id":81311,"href":"https:\/\/lamendigapolitica.com\/index.php?rest_route=\/wp\/v2\/posts\/81308\/revisions\/81311"}],"wp:attachment":[{"href":"https:\/\/lamendigapolitica.com\/index.php?rest_route=%2Fwp%2Fv2%2Fmedia&parent=81308"}],"wp:term":[{"taxonomy":"category","embeddable":true,"href":"https:\/\/lamendigapolitica.com\/index.php?rest_route=%2Fwp%2Fv2%2Fcategories&post=81308"},{"taxonomy":"post_tag","embeddable":true,"href":"https:\/\/lamendigapolitica.com\/index.php?rest_route=%2Fwp%2Fv2%2Ftags&post=81308"}],"curies":[{"name":"wp","href":"https:\/\/api.w.org\/{rel}","templated":true}]}}