{"id":81300,"date":"2025-06-23T20:37:22","date_gmt":"2025-06-24T02:37:22","guid":{"rendered":"https:\/\/lamendigapolitica.com\/?p=81300"},"modified":"2025-06-23T20:37:22","modified_gmt":"2025-06-24T02:37:22","slug":"quieren-convertir-a-guadalajara-en-la-ciudad-mas-verde-de-mexico","status":"publish","type":"post","link":"https:\/\/lamendigapolitica.com\/?p=81300","title":{"rendered":"Quieren convertir a Guadalajara en la ciudad m\u00e1s verde de M\u00e9xico"},"content":{"rendered":"<p><img loading=\"lazy\" decoding=\"async\" class=\"aligncenter size-full wp-image-81301\" src=\"https:\/\/lamendigapolitica.com\/wp-content\/uploads\/2025\/06\/54597290510_35df20fcf3_c.jpg\" alt=\"\" width=\"799\" height=\"533\" srcset=\"https:\/\/lamendigapolitica.com\/wp-content\/uploads\/2025\/06\/54597290510_35df20fcf3_c.jpg 799w, https:\/\/lamendigapolitica.com\/wp-content\/uploads\/2025\/06\/54597290510_35df20fcf3_c-300x200.jpg 300w, https:\/\/lamendigapolitica.com\/wp-content\/uploads\/2025\/06\/54597290510_35df20fcf3_c-768x512.jpg 768w, https:\/\/lamendigapolitica.com\/wp-content\/uploads\/2025\/06\/54597290510_35df20fcf3_c-555x370.jpg 555w\" sizes=\"auto, (max-width: 799px) 100vw, 799px\" \/><br \/>\nLa Presidenta anunci\u00f3 la plantaci\u00f3n de 20 mil \u00e1rboles en la Ciudad para este a\u00f1o, de los cuales, mil estar\u00e1n en el Centro Hist\u00f3rico<br \/>\nEl plan, de ocho pasos, tambi\u00e9n prev\u00e9 la recuperaci\u00f3n de espacios p\u00fablicos para plantar mil 700 \u00e1rboles donde antes hab\u00eda concreto.<br \/>\nLa organizaci\u00f3n Reforestemos M\u00e9xico reconoci\u00f3 a Guadalajara como Ciudad \u00c1rbol, por sexto a\u00f1o consecutivo.<!--more--><\/p>\n<p>Con el objetivo de plantar 20 mil nuevos \u00e1rboles en la Ciudad, y recuperar espacios que hab\u00edan sido ganados por el concreto, la primera Presidenta de Guadalajara, Ver\u00f3nica Delgadillo Garc\u00eda, anunci\u00f3 el Plan Estrat\u00e9gico de Plantaciones, Cuidado y Monitoreo de Arbolado Urbano con el que se posicionar\u00e1 a Guadalajara como la Ciudad m\u00e1s verde de M\u00e9xico.<\/p>\n<p>La plantaci\u00f3n de estos \u00e1rboles es el paso uno de los ochos que prev\u00e9 este Plan y que incluye el monitoreo y riego de los ejemplares colocados, el impulso a los corredores verdes en las principales avenidas de la Ciudad, reforestaci\u00f3n directa en las colonias \u2013principalmente en la zona oriente\u2013, la transformaci\u00f3n de los residuos forestales en mulch, as\u00ed como promoci\u00f3n a las campa\u00f1as de adopci\u00f3n de un \u00e1rbol y la producci\u00f3n de \u00e1rboles nativos en los viveros para garantizar mayor sobrevivencia.<\/p>\n<p>Como parte de la estrategia de reforestaci\u00f3n, coment\u00f3 Delgadillo Garc\u00eda, mil 700 \u00e1rboles ser\u00e1n plantados en zonas donde se romper\u00e1 el concreto o bien, en cajetes que estuvieron vac\u00edos por mucho tiempo.<\/p>\n<p>Los \u00e1rboles que prev\u00e9 el Plan tienen entre 8 y 10 a\u00f1os de desarrollo, lo que garantiza que, desde el primer momento, otorguen beneficios ambientales.<\/p>\n<p>\u201cQueremos una Guadalajara m\u00e1s resiliente, una Guadalajara m\u00e1s sustentable y una Guadalajara m\u00e1s verde. Entre los beneficios que tenemos al tener una ciudad m\u00e1s verde es que reducimos las islas de calor\u201d.<\/p>\n<p>Frente a la Rotonda de los Jaliscienses Ilustres, acompa\u00f1ada de empresarios del Centro Hist\u00f3rico, representantes de Reforestamos M\u00e9xico y Arbor Day Fundation, as\u00ed como servidores p\u00fablicos, la Presidenta de Guadalajara plant\u00f3 un fresno, al que puso como nombre \u201cGuardi\u00e1n\u201d, como arranque simb\u00f3lico del Plan Estrat\u00e9gico de Arbolado para la Ciudad.<\/p>\n<p>\u201cArranca simb\u00f3licamente con la plantaci\u00f3n de este bello fresno aqu\u00ed frente a la Rotonda de los Jaliscienses Ilustres, en sustituci\u00f3n de una Galeana, un \u00e1rbol que ya estaba enfermo y que representaba un riesgo para los ciudadanos\u201d, expres\u00f3.<\/p>\n<p>Este fresno forma parte de mil \u00e1rboles que se plantar\u00e1n en el Centro Hist\u00f3rico; son especies adecuadas para no tapar la visibilidad de los negocios, pero que traen grandes beneficios ecol\u00f3gicos como generadores de sombra.<br \/>\nComo parte del arranque, se retiraron algunas lozas frente al Templo de las Capuchinas, en la Calle Contreras Medell\u00edn, para abrir 20 nuevos espacios para plantar igual n\u00famero de arrayanes.<\/p>\n<p>La estrategia del arbolado en la ciudad es reconocida por organismos internacionales. Durante el arranque, Gabriela L\u00f3pez Dami\u00e1n, representante de la organizaci\u00f3n Arbor Day Fundation, entreg\u00f3 a la Presidenta la bandera Tree Cities of the World, que reconoci\u00f3 a Guadalajara como Ciudad \u00c1rbol por sexto a\u00f1o consecutivo.<\/p>\n<p>El delegado de la C\u00e1mara de Comercio en Guadalajara, Luis Anguiano, y el presidente de la Asociaci\u00f3n de Empresarios del Centro Hist\u00f3rico, Diego Amor\u00f3s, reconocieron los esfuerzos del Gobierno municipal para que Guadalajara sea la ciudad m\u00e1s verde de M\u00e9xico.<\/p>\n<p>\u201cVemos con benepl\u00e1cito esta iniciativa que nos va a llevar a lo que Guadalajara era antes, la Ciudad con el mejor clima de M\u00e9xico, creo que la modernidad y el crecimiento del asfalto para darle paso al autom\u00f3vil es una tendencia del siglo pasado y ahora se busca recuperar lo verde\u201d, coment\u00f3 Anguiano.<\/p>\n<p>Paulina Cervantes, directora de Medio Ambiente, se\u00f1al\u00f3 que el Gobierno de Guadalajara reconoce que los \u00e1rboles contribuyen a elevar la calidad de vida de las y los tapat\u00edos, ya que purifican el aire, reducen el calor en la ciudad, disminuyen la contaminaci\u00f3n auditiva y enriquecen el paisaje.<\/p>\n<p>De los 20 mil \u00e1rboles que ser\u00e1n plantados, mil estar\u00e1n en el Centro Hist\u00f3rico, 7 mil 300 en corredores verdes, 4 mil 700 en parque y unidades deportivas, 3 mil 500 en banquetas por adopci\u00f3n vecinal y 3 mil 500 en el oriente de Guadalajara.<\/p>\n<p>Respecto a la consolidaci\u00f3n de los corredores verdes, Cervantes destac\u00f3 que el objetivo es conectar bosques urbanos, ecosistemas y h\u00e1bitats, por lo que se intervendr\u00e1n las siguientes avenidas:<br \/>\n* Calzada Juan Pablo II<br \/>\n* Avenida de las Am\u00e9ricas<br \/>\n* Avenida 8 de Julio<br \/>\n* Calzada L\u00e1zaro C\u00e1rdenas<br \/>\n* Avenida L\u00f3pez Mateos-Circunvalaci\u00f3n Divisi\u00f3n del Norte<br \/>\n* Calzada Independencia<br \/>\n* Avenida Ignacio L. Vallarta-Ju\u00e1rez<br \/>\n* Avenida Revoluci\u00f3n<br \/>\n* Avenida Crist\u00f3bal Col\u00f3n-Calzada Federalismo<br \/>\n* Avenida Patria<br \/>\n* Circunvalaci\u00f3n Agust\u00edn Y\u00e1\u00f1ez-Washington<br \/>\n* Anillo Perif\u00e9rico Manuel G\u00f3mez Mor\u00edn<br \/>\n* Avenida Hidalgo-Rep\u00fablica<br \/>\n* Avenida Plutarco El\u00edas Calles-San Rafael<\/p>\n<p>La directora de Medio Ambiente apunt\u00f3 que se trabajar\u00e1 en equipo con la ciudadan\u00eda para que, de forma corresponsable, adopten un \u00e1rbol y ayuden a su cuidado de mantenimiento.<\/p>\n<p>\u201cLas personas que quieran un \u00e1rbol en la banqueta de su domicilio pueden solicitarlo enviando un correo a: arboladourbano@guadalajara.gob.mx, con la siguiente informaci\u00f3n: copia de tu INE, domicilio con su cruce de calles y un n\u00famero de contacto\u201d.<\/p>\n<p>Estas pol\u00edticas p\u00fablicas implementadas por el Gobierno de Guadalajara est\u00e1n acompa\u00f1adas por asociaciones civiles que aportan experiencia, como Reforestamos M\u00e9xico y Arbor Day Fundation.<\/p>\n<p>En la presentaci\u00f3n del Plan acompa\u00f1aron a la Presidenta, el Jefe de Gabinete, Bernardo Fern\u00e1ndez; la Coordinadora de Gesti\u00f3n Integral de la Ciudad, Isabel de la Torre; el Coordinador de Servicios P\u00fablicos, \u00d3scar Villalobos; el director de Obras P\u00fablicas, Juan Carlos Arauz, as\u00ed como los regidores Karla Leonardo, Mario Castellanos, Salvador Alc\u00e1zar, V\u00edctor Hern\u00e1ndez, Gabriel Vel\u00e1zquez, Humberto Trujillo y Ana Robles.<\/p>\n","protected":false},"excerpt":{"rendered":"<p>La Presidenta anunci\u00f3 la plantaci\u00f3n de 20 mil \u00e1rboles en la Ciudad para este a\u00f1o, de los cuales, mil estar\u00e1n en el Centro Hist\u00f3rico El plan, de ocho pasos, tambi\u00e9n prev\u00e9 la recuperaci\u00f3n de espacios p\u00fablicos para plantar mil 700 \u00e1rboles donde antes hab\u00eda concreto. La organizaci\u00f3n Reforestemos M\u00e9xico reconoci\u00f3 a Guadalajara como Ciudad \u00c1rbol, &hellip; <\/p>\n<p><a class=\"more-link btn\" href=\"https:\/\/lamendigapolitica.com\/?p=81300\">Seguir leyendo<\/a><\/p>\n","protected":false},"author":1,"featured_media":0,"comment_status":"open","ping_status":"closed","sticky":false,"template":"","format":"standard","meta":{"footnotes":""},"categories":[42,26,43,20,102,3,29,27,22,41,24],"tags":[],"class_list":["post-81300","post","type-post","status-publish","format-standard","hentry","category-clima","category-cultura","category-ecologia","category-gobierno","category-municipio","category-politica","category-salud","category-seguridad","category-sociales","category-tecnologia","category-turismo","item-wrap"],"_links":{"self":[{"href":"https:\/\/lamendigapolitica.com\/index.php?rest_route=\/wp\/v2\/posts\/81300","targetHints":{"allow":["GET"]}}],"collection":[{"href":"https:\/\/lamendigapolitica.com\/index.php?rest_route=\/wp\/v2\/posts"}],"about":[{"href":"https:\/\/lamendigapolitica.com\/index.php?rest_route=\/wp\/v2\/types\/post"}],"author":[{"embeddable":true,"href":"https:\/\/lamendigapolitica.com\/index.php?rest_route=\/wp\/v2\/users\/1"}],"replies":[{"embeddable":true,"href":"https:\/\/lamendigapolitica.com\/index.php?rest_route=%2Fwp%2Fv2%2Fcomments&post=81300"}],"version-history":[{"count":1,"href":"https:\/\/lamendigapolitica.com\/index.php?rest_route=\/wp\/v2\/posts\/81300\/revisions"}],"predecessor-version":[{"id":81302,"href":"https:\/\/lamendigapolitica.com\/index.php?rest_route=\/wp\/v2\/posts\/81300\/revisions\/81302"}],"wp:attachment":[{"href":"https:\/\/lamendigapolitica.com\/index.php?rest_route=%2Fwp%2Fv2%2Fmedia&parent=81300"}],"wp:term":[{"taxonomy":"category","embeddable":true,"href":"https:\/\/lamendigapolitica.com\/index.php?rest_route=%2Fwp%2Fv2%2Fcategories&post=81300"},{"taxonomy":"post_tag","embeddable":true,"href":"https:\/\/lamendigapolitica.com\/index.php?rest_route=%2Fwp%2Fv2%2Ftags&post=81300"}],"curies":[{"name":"wp","href":"https:\/\/api.w.org\/{rel}","templated":true}]}}