{"id":81290,"date":"2025-06-21T20:12:15","date_gmt":"2025-06-22T02:12:15","guid":{"rendered":"https:\/\/lamendigapolitica.com\/?p=81290"},"modified":"2025-06-23T20:12:28","modified_gmt":"2025-06-24T02:12:28","slug":"bomberos-de-tlajo-se-certifican-como-guardavidas","status":"publish","type":"post","link":"https:\/\/lamendigapolitica.com\/?p=81290","title":{"rendered":"Bomberos de Tlajo se certifican como guardavidas"},"content":{"rendered":"<p><img loading=\"lazy\" decoding=\"async\" class=\"aligncenter size-large wp-image-81292\" src=\"https:\/\/lamendigapolitica.com\/wp-content\/uploads\/2025\/06\/3-1024x770.jpeg\" alt=\"\" width=\"555\" height=\"417\" srcset=\"https:\/\/lamendigapolitica.com\/wp-content\/uploads\/2025\/06\/3-1024x770.jpeg 1024w, https:\/\/lamendigapolitica.com\/wp-content\/uploads\/2025\/06\/3-300x226.jpeg 300w, https:\/\/lamendigapolitica.com\/wp-content\/uploads\/2025\/06\/3-768x578.jpeg 768w, https:\/\/lamendigapolitica.com\/wp-content\/uploads\/2025\/06\/3-555x418.jpeg 555w, https:\/\/lamendigapolitica.com\/wp-content\/uploads\/2025\/06\/3.jpeg 1280w\" sizes=\"auto, (max-width: 555px) 100vw, 555px\" \/><\/p>\n<p>Con la finalidad de fortalecer las capacidades de acci\u00f3n, para que cuenten con los conocimientos necesarios y desarrollen las habilidades y destrezas para realizar las maniobras con seguridad en la atenci\u00f3n de emergencias dentro de cuerpos de agua, cuatro oficiales de Protecci\u00f3n Civil y Bomberos de Tlajomulco fueron certificados como guardavidas, luego de participar en una capacitaci\u00f3n en el municipio de Manzanillo, Colima, invitados por Protecci\u00f3n Civil del Estado de Colima.<!--more--><\/p>\n<p>Esta jornada de capacitaci\u00f3n fue impartida por instructores de Protecci\u00f3n Civil y Bomberos de Tijuana, Baja California Norte y tuvo una duraci\u00f3n de cinco d\u00edas, con actividades tanto en alberca como en mar abierto.<\/p>\n<p>&nbsp;<\/p>\n<p>El personal de Protecci\u00f3n Civil y Bomberos de Tlajomulco se mantiene en continua capacitaci\u00f3n, en consonancia con el programa \u201cDe Cerca Hacemos la Paz\u201d y la agenda de cercan\u00eda con la ciudadan\u00eda que impulsa el Gobierno de Tlajomulco, por lo que a trav\u00e9s de la Coordinaci\u00f3n General de Prevenci\u00f3n y Servicios de Emergencia, se apuesta por la profesionalizaci\u00f3n de los servidores p\u00fablicos.<\/p>\n<p>&nbsp;<\/p>\n<p>Salom\u00f3n Molina Zamora, director de Protecci\u00f3n Civil y Bomberos de Tlajomulco mencion\u00f3 que es importante mantener una constante capacitaci\u00f3n para \u00abque estemos a la vanguardia y poder darle auxilio pronto y eficaz a la poblaci\u00f3n, ya que tenemos 14 cuerpos de agua y la laguna de Cajititl\u00e1n\u00bb.<\/p>\n<p>&nbsp;<\/p>\n<p>Agreg\u00f3 que adem\u00e1s se busca un efecto multiplicador de la informaci\u00f3n \u00abuna condicionante de las capacitaciones, es que quienes asistan, deben compartirla con los compa\u00f1eros que no acudieron\u00bb.<\/p>\n<p>&nbsp;<\/p>\n<p>Para finalizar, Molina Zamora dijo \u00abque la poblaci\u00f3n se sienta tranquila porque los bomberos de Tlajomulco est\u00e1n preparados para ayudar cuando sea necesario\u00bb.<\/p>\n","protected":false},"excerpt":{"rendered":"<p>Con la finalidad de fortalecer las capacidades de acci\u00f3n, para que cuenten con los conocimientos necesarios y desarrollen las habilidades y destrezas para realizar las maniobras con seguridad en la atenci\u00f3n de emergencias dentro de cuerpos de agua, cuatro oficiales de Protecci\u00f3n Civil y Bomberos de Tlajomulco fueron certificados como guardavidas, luego de participar en &hellip; <\/p>\n<p><a class=\"more-link btn\" href=\"https:\/\/lamendigapolitica.com\/?p=81290\">Seguir leyendo<\/a><\/p>\n","protected":false},"author":1,"featured_media":0,"comment_status":"open","ping_status":"closed","sticky":false,"template":"","format":"standard","meta":{"footnotes":""},"categories":[42,97,26,23,43,102,5,3,29,27,22,41,24],"tags":[],"class_list":["post-81290","post","type-post","status-publish","format-standard","hentry","category-clima","category-comunicacion","category-cultura","category-deportes","category-ecologia","category-municipio","category-partidos","category-politica","category-salud","category-seguridad","category-sociales","category-tecnologia","category-turismo","item-wrap"],"_links":{"self":[{"href":"https:\/\/lamendigapolitica.com\/index.php?rest_route=\/wp\/v2\/posts\/81290","targetHints":{"allow":["GET"]}}],"collection":[{"href":"https:\/\/lamendigapolitica.com\/index.php?rest_route=\/wp\/v2\/posts"}],"about":[{"href":"https:\/\/lamendigapolitica.com\/index.php?rest_route=\/wp\/v2\/types\/post"}],"author":[{"embeddable":true,"href":"https:\/\/lamendigapolitica.com\/index.php?rest_route=\/wp\/v2\/users\/1"}],"replies":[{"embeddable":true,"href":"https:\/\/lamendigapolitica.com\/index.php?rest_route=%2Fwp%2Fv2%2Fcomments&post=81290"}],"version-history":[{"count":2,"href":"https:\/\/lamendigapolitica.com\/index.php?rest_route=\/wp\/v2\/posts\/81290\/revisions"}],"predecessor-version":[{"id":81293,"href":"https:\/\/lamendigapolitica.com\/index.php?rest_route=\/wp\/v2\/posts\/81290\/revisions\/81293"}],"wp:attachment":[{"href":"https:\/\/lamendigapolitica.com\/index.php?rest_route=%2Fwp%2Fv2%2Fmedia&parent=81290"}],"wp:term":[{"taxonomy":"category","embeddable":true,"href":"https:\/\/lamendigapolitica.com\/index.php?rest_route=%2Fwp%2Fv2%2Fcategories&post=81290"},{"taxonomy":"post_tag","embeddable":true,"href":"https:\/\/lamendigapolitica.com\/index.php?rest_route=%2Fwp%2Fv2%2Ftags&post=81290"}],"curies":[{"name":"wp","href":"https:\/\/api.w.org\/{rel}","templated":true}]}}