{"id":81283,"date":"2025-06-19T22:23:40","date_gmt":"2025-06-20T04:23:40","guid":{"rendered":"https:\/\/lamendigapolitica.com\/?p=81283"},"modified":"2025-06-19T22:23:40","modified_gmt":"2025-06-20T04:23:40","slug":"guadalajara-estrena-mas-de-100-vehiculos-y-maquinaria-para-servicios-publicos-con-una-inversion-de-265-mdp","status":"publish","type":"post","link":"https:\/\/lamendigapolitica.com\/?p=81283","title":{"rendered":"Guadalajara estrena\u00a0m\u00e1s de 100 veh\u00edculos y maquinaria para Servicios P\u00fablicos con una inversi\u00f3n de 265 mdp"},"content":{"rendered":"<p><img loading=\"lazy\" decoding=\"async\" class=\"aligncenter size-full wp-image-81284\" src=\"https:\/\/lamendigapolitica.com\/wp-content\/uploads\/2025\/06\/54600614299_ffbc5b9d87_c.jpg\" alt=\"\" width=\"799\" height=\"533\" srcset=\"https:\/\/lamendigapolitica.com\/wp-content\/uploads\/2025\/06\/54600614299_ffbc5b9d87_c.jpg 799w, https:\/\/lamendigapolitica.com\/wp-content\/uploads\/2025\/06\/54600614299_ffbc5b9d87_c-300x200.jpg 300w, https:\/\/lamendigapolitica.com\/wp-content\/uploads\/2025\/06\/54600614299_ffbc5b9d87_c-768x512.jpg 768w, https:\/\/lamendigapolitica.com\/wp-content\/uploads\/2025\/06\/54600614299_ffbc5b9d87_c-555x370.jpg 555w\" sizes=\"auto, (max-width: 799px) 100vw, 799px\" \/><\/p>\n<p>Invierte Gobierno de Guadalajara 265 millones de pesos en la compra de 124 unidades<br \/>\nSe pretende reforzar la estrategia para atender reportes y brindar servicios de calidad<br \/>\nLa Presidenta record\u00f3 que tener mejores servicios p\u00fablicos es el segundo pilar de su Gobierno<\/p>\n<p>La Coordinaci\u00f3n de Servicios P\u00fablicos Municipales recibi\u00f3, de manos de la primera Presidenta de Guadalajara, Ver\u00f3nica Delgadillo Garc\u00eda, 124 veh\u00edculos y maquinaria que ayudar\u00e1n a reducir los tiempos de atenci\u00f3n a la ciudadan\u00eda.<!--more--><\/p>\n<p>\u201cComo resultado de esta tendremos una respuesta de un 25 por ciento m\u00e1s r\u00e1pida para poder atender el tema de residuos en las calles, 25 por ciento m\u00e1s r\u00e1pida para atender el tema de alumbrado p\u00fablico, 50 por ciento m\u00e1s r\u00e1pida la atenci\u00f3n para poder retirar \u00e1rboles que est\u00e1n ca\u00eddos o que est\u00e1n obstruyendo las vialidades\u201d, detall\u00f3 la Presidenta.<\/p>\n<p>Al pasar de 771 unidades a 895, se va a mejorar la calidad de los servicios p\u00fablicos, uno de los tres pilares del Gobierno.<\/p>\n<p>\u201cLos servicios p\u00fablicos son importantes porque los entendemos como una herramienta para construir justicia social. Cuando se dan buenos servicios p\u00fablicos se cierran brechas de desigualdad\u201d.<\/p>\n<p>Una parte de los veh\u00edculos ser\u00e1n para los Escuadrones de Limpieza que buscan acercar los servicios p\u00fablicos a las colonias para atender, con mayor rapidez, las problem\u00e1ticas que enfrentan.<\/p>\n<p>\u00d3scar Villalobos, Coordinador de Servicios P\u00fablicos, explic\u00f3 que la inversi\u00f3n se traduce en 69 camionetas operativas, 25 camiones de volteos, 21 equipos o maquinaria especializada, 5 barredoras, 2 camiones forestales y 2 gr\u00faas articuladas.<\/p>\n<p>\u201cGracias a la incorporaci\u00f3n de estos 124 veh\u00edculos y maquinaria especializada, fortalecemos la pol\u00edtica p\u00fablica Limpia Guadalajara y damos un paso m\u00e1s hacia una ciudad con mejores servicios p\u00fablicos\u201d, acot\u00f3 Villalobos.<\/p>\n<p>El funcionario agreg\u00f3 que se reforzar\u00e1n los trabajos de limpieza y saneamiento en vialidades principales, pasos a desnivel, canales y vasos reguladores.<\/p>\n<p>\u201cAdem\u00e1s, incrementaremos el balizamiento en vialidades principales y pasos a desnivel. Asimismo, tendremos limpieza constante en 27 vialidades principales con apoyo de barredoras mec\u00e1nicas, y fortaleceremos la capacidad de respuesta ante las ca\u00eddas de \u00e1rboles en esta contingencia\u201d.<\/p>\n<p>La Presidenta pidi\u00f3 a los trabajadores de Servicios P\u00fablicos cuidar de los veh\u00edculos y mantenerlos en buenas condiciones pues se trata del dinero de las y los tapat\u00edos.<\/p>\n<p>\u201cEstos veh\u00edculos que les entregamos son patrimonio de las tapat\u00edas y tapat\u00edos\u00bb.<\/p>\n","protected":false},"excerpt":{"rendered":"<p>Invierte Gobierno de Guadalajara 265 millones de pesos en la compra de 124 unidades Se pretende reforzar la estrategia para atender reportes y brindar servicios de calidad La Presidenta record\u00f3 que tener mejores servicios p\u00fablicos es el segundo pilar de su Gobierno La Coordinaci\u00f3n de Servicios P\u00fablicos Municipales recibi\u00f3, de manos de la primera Presidenta &hellip; <\/p>\n<p><a class=\"more-link btn\" href=\"https:\/\/lamendigapolitica.com\/?p=81283\">Seguir leyendo<\/a><\/p>\n","protected":false},"author":1,"featured_media":0,"comment_status":"open","ping_status":"closed","sticky":false,"template":"","format":"standard","meta":{"footnotes":""},"categories":[42,43,30,20,102,27,22],"tags":[],"class_list":["post-81283","post","type-post","status-publish","format-standard","hentry","category-clima","category-ecologia","category-economia","category-gobierno","category-municipio","category-seguridad","category-sociales","item-wrap"],"_links":{"self":[{"href":"https:\/\/lamendigapolitica.com\/index.php?rest_route=\/wp\/v2\/posts\/81283","targetHints":{"allow":["GET"]}}],"collection":[{"href":"https:\/\/lamendigapolitica.com\/index.php?rest_route=\/wp\/v2\/posts"}],"about":[{"href":"https:\/\/lamendigapolitica.com\/index.php?rest_route=\/wp\/v2\/types\/post"}],"author":[{"embeddable":true,"href":"https:\/\/lamendigapolitica.com\/index.php?rest_route=\/wp\/v2\/users\/1"}],"replies":[{"embeddable":true,"href":"https:\/\/lamendigapolitica.com\/index.php?rest_route=%2Fwp%2Fv2%2Fcomments&post=81283"}],"version-history":[{"count":1,"href":"https:\/\/lamendigapolitica.com\/index.php?rest_route=\/wp\/v2\/posts\/81283\/revisions"}],"predecessor-version":[{"id":81285,"href":"https:\/\/lamendigapolitica.com\/index.php?rest_route=\/wp\/v2\/posts\/81283\/revisions\/81285"}],"wp:attachment":[{"href":"https:\/\/lamendigapolitica.com\/index.php?rest_route=%2Fwp%2Fv2%2Fmedia&parent=81283"}],"wp:term":[{"taxonomy":"category","embeddable":true,"href":"https:\/\/lamendigapolitica.com\/index.php?rest_route=%2Fwp%2Fv2%2Fcategories&post=81283"},{"taxonomy":"post_tag","embeddable":true,"href":"https:\/\/lamendigapolitica.com\/index.php?rest_route=%2Fwp%2Fv2%2Ftags&post=81283"}],"curies":[{"name":"wp","href":"https:\/\/api.w.org\/{rel}","templated":true}]}}