{"id":81277,"date":"2025-06-16T12:51:34","date_gmt":"2025-06-16T18:51:34","guid":{"rendered":"https:\/\/lamendigapolitica.com\/?p=81277"},"modified":"2025-06-17T12:59:05","modified_gmt":"2025-06-17T18:59:05","slug":"vallarta-recibe-entrega-historica-de-equipo-para-proteccion-civil-y-bomberos","status":"publish","type":"post","link":"https:\/\/lamendigapolitica.com\/?p=81277","title":{"rendered":"Vallarta recibe entrega hist\u00f3rica de equipo para Protecci\u00f3n Civil y Bomberos"},"content":{"rendered":"<p><img loading=\"lazy\" decoding=\"async\" class=\"aligncenter size-large wp-image-81278\" src=\"https:\/\/lamendigapolitica.com\/wp-content\/uploads\/2025\/06\/COMUNICADO-732-14-1024x682.jpeg\" alt=\"\" width=\"555\" height=\"370\" srcset=\"https:\/\/lamendigapolitica.com\/wp-content\/uploads\/2025\/06\/COMUNICADO-732-14-1024x682.jpeg 1024w, https:\/\/lamendigapolitica.com\/wp-content\/uploads\/2025\/06\/COMUNICADO-732-14-300x200.jpeg 300w, https:\/\/lamendigapolitica.com\/wp-content\/uploads\/2025\/06\/COMUNICADO-732-14-768x512.jpeg 768w, https:\/\/lamendigapolitica.com\/wp-content\/uploads\/2025\/06\/COMUNICADO-732-14-1536x1023.jpeg 1536w, https:\/\/lamendigapolitica.com\/wp-content\/uploads\/2025\/06\/COMUNICADO-732-14-555x370.jpeg 555w, https:\/\/lamendigapolitica.com\/wp-content\/uploads\/2025\/06\/COMUNICADO-732-14.jpeg 1600w\" sizes=\"auto, (max-width: 555px) 100vw, 555px\" \/><\/p>\n<p>\u00b7 Con respaldo internacional, el gobierno del bien entreg\u00f3 equipo de emergencia al cuerpo de bomberos municipal.<\/p>\n<p>Puerto Vallarta contar\u00e1 con una Direcci\u00f3n de Protecci\u00f3n Civil y Bomberos m\u00e1s equipada para atender emergencias. Con el respaldo del gobierno de Luis Mungu\u00eda, y gracias a la donaci\u00f3n de la Operaci\u00f3n Internacional de Bomberos 5280, con sede en Boulder y Denver, Colorado, se entregaron tres camiones de bomberos, una pipa, tres motos acu\u00e1ticas y herramientas de rescate. El acto se realiz\u00f3 en La Lija, con la presencia de autoridades de los tres niveles de gobierno.<!--more--><\/p>\n<p>\u201cQuiero felicitar a todo el cuerpo de bomberos, guardavidas y personal de Protecci\u00f3n Civil, y decirles que esto es una muestra de colaboraci\u00f3n, de respaldo y de inversi\u00f3n p\u00fablica\u201d, expres\u00f3 el alcalde Luis Mungu\u00eda. Se\u00f1al\u00f3 que esta entrega forma parte de una estrategia integral que contempla la rehabilitaci\u00f3n de la base en Joyas del Pedregal y la adquisici\u00f3n de m\u00e1s unidades en beneficio de la ciudadan\u00eda.<\/p>\n<p>El director de Protecci\u00f3n Civil y Bomberos, Jorge Misael L\u00f3pez Muro, inform\u00f3 que el equipo entregado tiene un valor estimado de tres millones de pesos e incluye herramientas de extracci\u00f3n, sistemas de oxigenaci\u00f3n y ventilaci\u00f3n. Subray\u00f3 que contar con estos recursos es fundamental ante la temporada de huracanes, cuando se incrementan los riesgos en el municipio.<\/p>\n<p>Por su parte, el comandante estatal de Protecci\u00f3n Civil, Sergio Ram\u00edrez L\u00f3pez, reconoci\u00f3 a Vallarta como un referente en colaboraci\u00f3n institucional y anunci\u00f3 que se reforzar\u00e1 la base regional con m\u00e1s personal y equipamiento. Esta es la segunda donaci\u00f3n de equipo proveniente de Estados Unidos en lo que va de 2025, lo que reafirma los lazos internacionales y el compromiso del municipio con la atenci\u00f3n eficaz de emergencias.<\/p>\n","protected":false},"excerpt":{"rendered":"<p>\u00b7 Con respaldo internacional, el gobierno del bien entreg\u00f3 equipo de emergencia al cuerpo de bomberos municipal. Puerto Vallarta contar\u00e1 con una Direcci\u00f3n de Protecci\u00f3n Civil y Bomberos m\u00e1s equipada para atender emergencias. Con el respaldo del gobierno de Luis Mungu\u00eda, y gracias a la donaci\u00f3n de la Operaci\u00f3n Internacional de Bomberos 5280, con sede &hellip; <\/p>\n<p><a class=\"more-link btn\" href=\"https:\/\/lamendigapolitica.com\/?p=81277\">Seguir leyendo<\/a><\/p>\n","protected":false},"author":1,"featured_media":0,"comment_status":"open","ping_status":"closed","sticky":false,"template":"","format":"standard","meta":{"footnotes":""},"categories":[42,97,45,20,31,102,29,27,22,41],"tags":[],"class_list":["post-81277","post","type-post","status-publish","format-standard","hentry","category-clima","category-comunicacion","category-featured","category-gobierno","category-internacional","category-municipio","category-salud","category-seguridad","category-sociales","category-tecnologia","item-wrap"],"_links":{"self":[{"href":"https:\/\/lamendigapolitica.com\/index.php?rest_route=\/wp\/v2\/posts\/81277","targetHints":{"allow":["GET"]}}],"collection":[{"href":"https:\/\/lamendigapolitica.com\/index.php?rest_route=\/wp\/v2\/posts"}],"about":[{"href":"https:\/\/lamendigapolitica.com\/index.php?rest_route=\/wp\/v2\/types\/post"}],"author":[{"embeddable":true,"href":"https:\/\/lamendigapolitica.com\/index.php?rest_route=\/wp\/v2\/users\/1"}],"replies":[{"embeddable":true,"href":"https:\/\/lamendigapolitica.com\/index.php?rest_route=%2Fwp%2Fv2%2Fcomments&post=81277"}],"version-history":[{"count":1,"href":"https:\/\/lamendigapolitica.com\/index.php?rest_route=\/wp\/v2\/posts\/81277\/revisions"}],"predecessor-version":[{"id":81279,"href":"https:\/\/lamendigapolitica.com\/index.php?rest_route=\/wp\/v2\/posts\/81277\/revisions\/81279"}],"wp:attachment":[{"href":"https:\/\/lamendigapolitica.com\/index.php?rest_route=%2Fwp%2Fv2%2Fmedia&parent=81277"}],"wp:term":[{"taxonomy":"category","embeddable":true,"href":"https:\/\/lamendigapolitica.com\/index.php?rest_route=%2Fwp%2Fv2%2Fcategories&post=81277"},{"taxonomy":"post_tag","embeddable":true,"href":"https:\/\/lamendigapolitica.com\/index.php?rest_route=%2Fwp%2Fv2%2Ftags&post=81277"}],"curies":[{"name":"wp","href":"https:\/\/api.w.org\/{rel}","templated":true}]}}