{"id":81270,"date":"2025-06-14T12:02:03","date_gmt":"2025-06-14T18:02:03","guid":{"rendered":"https:\/\/lamendigapolitica.com\/?p=81270"},"modified":"2025-06-17T12:05:41","modified_gmt":"2025-06-17T18:05:41","slug":"guardavidas-de-vallarta-se-preparan-para-la-temporada-de-tortugas-marinas","status":"publish","type":"post","link":"https:\/\/lamendigapolitica.com\/?p=81270","title":{"rendered":"Guardavidas de Vallarta se preparan para la temporada de tortugas marinas"},"content":{"rendered":"<p><img loading=\"lazy\" decoding=\"async\" class=\"aligncenter size-large wp-image-81272\" src=\"https:\/\/lamendigapolitica.com\/wp-content\/uploads\/2025\/06\/COMUNICADO-724-4-1024x768.jpeg\" alt=\"\" width=\"555\" height=\"416\" srcset=\"https:\/\/lamendigapolitica.com\/wp-content\/uploads\/2025\/06\/COMUNICADO-724-4-1024x768.jpeg 1024w, https:\/\/lamendigapolitica.com\/wp-content\/uploads\/2025\/06\/COMUNICADO-724-4-300x225.jpeg 300w, https:\/\/lamendigapolitica.com\/wp-content\/uploads\/2025\/06\/COMUNICADO-724-4-768x576.jpeg 768w, https:\/\/lamendigapolitica.com\/wp-content\/uploads\/2025\/06\/COMUNICADO-724-4-555x416.jpeg 555w, https:\/\/lamendigapolitica.com\/wp-content\/uploads\/2025\/06\/COMUNICADO-724-4.jpeg 1080w\" sizes=\"auto, (max-width: 555px) 100vw, 555px\" \/><\/p>\n<p>\u00b7 Protecci\u00f3n Civil y Bomberos fortalece su equipo de salvamento con capacitaciones ante el arribo de tortugas marinas a playas de la regi\u00f3n<\/p>\n<p>Con el inicio de la temporada de anidaci\u00f3n de tortugas marinas, la Direcci\u00f3n de Protecci\u00f3n Civil y Bomberos de Puerto Vallarta organiz\u00f3 un taller te\u00f3rico y pr\u00e1ctico para el personal de Salvamento Acu\u00e1tico, con el respaldo del gobierno de Luis Mungu\u00eda.<!--more--><\/p>\n<p>La capacitaci\u00f3n fue impartida por la Dra. Mitzi N\u00fa\u00f1ez, del Grupo de Investigaci\u00f3n y Conservaci\u00f3n de Flora y Fauna Silvestre A.C., y se enfoc\u00f3 en el manejo adecuado de tortugas marinas varadas, incluyendo protocolos de rescate.<\/p>\n<p>Durante la jornada, los participantes reforzaron sus conocimientos sobre el comportamiento de las tortugas, las amenazas que enfrentan y el manejo seguro en situaciones cr\u00edticas. \u201cEstamos por entrar en temporada de anidaci\u00f3n, ya que las tortugas comienzan a desovar en nuestras playas. Derivado de esto solicitamos una capacitaci\u00f3n para estar preparados\u201d, explic\u00f3 Misael L\u00f3pez Muro, director de la dependencia, quien tambi\u00e9n destac\u00f3 el respaldo de Semarnat para llevar a cabo esta iniciativa.<\/p>\n<p>Las y los rescatistas participaron adem\u00e1s en pr\u00e1cticas de campo, fortaleciendo su capacidad de respuesta ante el hallazgo de fauna marina en riesgo, incluyendo otras especies que pudieran requerir atenci\u00f3n especializada en la regi\u00f3n. Esta acci\u00f3n forma parte del esfuerzo que impulsa el gobierno del bien para reforzar la preparaci\u00f3n de sus cuerpos de emergencia y proteger la biodiversidad durante una temporada clave para el ecosistema marino.<\/p>\n","protected":false},"excerpt":{"rendered":"<p>\u00b7 Protecci\u00f3n Civil y Bomberos fortalece su equipo de salvamento con capacitaciones ante el arribo de tortugas marinas a playas de la regi\u00f3n Con el inicio de la temporada de anidaci\u00f3n de tortugas marinas, la Direcci\u00f3n de Protecci\u00f3n Civil y Bomberos de Puerto Vallarta organiz\u00f3 un taller te\u00f3rico y pr\u00e1ctico para el personal de Salvamento &hellip; <\/p>\n<p><a class=\"more-link btn\" href=\"https:\/\/lamendigapolitica.com\/?p=81270\">Seguir leyendo<\/a><\/p>\n","protected":false},"author":1,"featured_media":0,"comment_status":"open","ping_status":"closed","sticky":false,"template":"","format":"standard","meta":{"footnotes":""},"categories":[42,26,30,45,20,102,3,29,27,22,41,24],"tags":[],"class_list":["post-81270","post","type-post","status-publish","format-standard","hentry","category-clima","category-cultura","category-economia","category-featured","category-gobierno","category-municipio","category-politica","category-salud","category-seguridad","category-sociales","category-tecnologia","category-turismo","item-wrap"],"_links":{"self":[{"href":"https:\/\/lamendigapolitica.com\/index.php?rest_route=\/wp\/v2\/posts\/81270","targetHints":{"allow":["GET"]}}],"collection":[{"href":"https:\/\/lamendigapolitica.com\/index.php?rest_route=\/wp\/v2\/posts"}],"about":[{"href":"https:\/\/lamendigapolitica.com\/index.php?rest_route=\/wp\/v2\/types\/post"}],"author":[{"embeddable":true,"href":"https:\/\/lamendigapolitica.com\/index.php?rest_route=\/wp\/v2\/users\/1"}],"replies":[{"embeddable":true,"href":"https:\/\/lamendigapolitica.com\/index.php?rest_route=%2Fwp%2Fv2%2Fcomments&post=81270"}],"version-history":[{"count":2,"href":"https:\/\/lamendigapolitica.com\/index.php?rest_route=\/wp\/v2\/posts\/81270\/revisions"}],"predecessor-version":[{"id":81273,"href":"https:\/\/lamendigapolitica.com\/index.php?rest_route=\/wp\/v2\/posts\/81270\/revisions\/81273"}],"wp:attachment":[{"href":"https:\/\/lamendigapolitica.com\/index.php?rest_route=%2Fwp%2Fv2%2Fmedia&parent=81270"}],"wp:term":[{"taxonomy":"category","embeddable":true,"href":"https:\/\/lamendigapolitica.com\/index.php?rest_route=%2Fwp%2Fv2%2Fcategories&post=81270"},{"taxonomy":"post_tag","embeddable":true,"href":"https:\/\/lamendigapolitica.com\/index.php?rest_route=%2Fwp%2Fv2%2Ftags&post=81270"}],"curies":[{"name":"wp","href":"https:\/\/api.w.org\/{rel}","templated":true}]}}