{"id":81265,"date":"2025-06-13T11:58:33","date_gmt":"2025-06-13T17:58:33","guid":{"rendered":"https:\/\/lamendigapolitica.com\/?p=81265"},"modified":"2025-06-17T12:01:43","modified_gmt":"2025-06-17T18:01:43","slug":"haran-evaluaciones-fisicas-a-200-policias-de-tlajo","status":"publish","type":"post","link":"https:\/\/lamendigapolitica.com\/?p=81265","title":{"rendered":"Har\u00e1n evaluaciones f\u00edsicas a 200 polic\u00edas de Tlajo"},"content":{"rendered":"<p><img loading=\"lazy\" decoding=\"async\" class=\"aligncenter size-full wp-image-81266\" src=\"https:\/\/lamendigapolitica.com\/wp-content\/uploads\/2025\/06\/04.jpeg\" alt=\"\" width=\"275\" height=\"183\" \/><\/p>\n<p>Se medir\u00e1n resistencia aer\u00f3bica, flexibilidad, velocidad, agilidad, fuerza muscular, resistencia muscular y medidas antropom\u00e9tricas<\/p>\n<p>Con la finalidad de participar en el proceso de promoci\u00f3n de grados, alrededor de 200 oficiales adscritos a la Comisar\u00eda de la Polic\u00eda Preventiva Municipal de Tlajomulco ser\u00e1n evaluados en un programa de aptitud f\u00edsica y funcional. En estas pruebas se medir\u00e1n resistencia aer\u00f3bica, flexibilidad, velocidad, agilidad, fuerza muscular, resistencia muscular y medidas antropom\u00e9tricas.<!--more--><\/p>\n<p>Las evaluaciones ser\u00e1n aplicadas del 23 al 27 de junio por el Centro Universitario de Ciencias de la Salud (CUCS) de la Universidad de Guadalajara (UdeG).<\/p>\n<p>&nbsp;<\/p>\n<p>Eduardo Alonso Silva Ibarra, comisario general de Tlajomulco, inform\u00f3 que el Gobierno de Tlajomulco ha trabajado para mejorar las condiciones y prestaciones de los oficiales. Para ello, es fundamental evaluar su salud f\u00edsica y mental.<\/p>\n<p>&nbsp;<\/p>\n<p>Silva Ibarra agreg\u00f3: \u00abVamos a hacer un concurso de oposici\u00f3n para ascender, el cual se llevar\u00e1 a cabo de manera transparente y equitativa. Contar con el apoyo de la Universidad de Guadalajara para nosotros es muy grato\u00bb.<\/p>\n<p>&nbsp;<\/p>\n<p>Por su parte, Eduardo G\u00f3mez S\u00e1nchez, rector del CUCS, destac\u00f3 que una de las funciones de la UdeG es la extensi\u00f3n, es decir, utilizar sus recursos humanos y la infraestructura en beneficio de la sociedad. Mencion\u00f3 que esta colaboraci\u00f3n ha resultado muy positiva para el municipio de Tlajomulco y a\u00f1adi\u00f3: \u00abDesde una perspectiva externa, hacemos esta colaboraci\u00f3n para evaluar al personal de la polic\u00eda municipal de manera objetiva, con el fin de aportar elementos que permitan decidir qui\u00e9nes pueden ser promovidos\u00bb.<\/p>\n<p>&nbsp;<\/p>\n<p>Finalmente, Ra\u00fal Omar Ba\u00f1uelos, director de Planeaci\u00f3n y Evaluaci\u00f3n de la Comisar\u00eda, explic\u00f3 que el resultado de estas evaluaciones permitir\u00e1 identificar al personal m\u00e1s apto para la convocatoria de grado. \u00abEsta convocatoria consta de varias fases, que no solo incluyen un examen f\u00edsico, sino tambi\u00e9n una evaluaci\u00f3n m\u00e9dica y de conocimientos, lo que garantizar\u00e1 que la promoci\u00f3n de ascensos en el cuerpo policial se lleve a cabo de manera justa y equitativa\u00bb, se\u00f1al\u00f3.<\/p>\n<p>&nbsp;<\/p>\n","protected":false},"excerpt":{"rendered":"<p>Se medir\u00e1n resistencia aer\u00f3bica, flexibilidad, velocidad, agilidad, fuerza muscular, resistencia muscular y medidas antropom\u00e9tricas Con la finalidad de participar en el proceso de promoci\u00f3n de grados, alrededor de 200 oficiales adscritos a la Comisar\u00eda de la Polic\u00eda Preventiva Municipal de Tlajomulco ser\u00e1n evaluados en un programa de aptitud f\u00edsica y funcional. En estas pruebas se &hellip; <\/p>\n<p><a class=\"more-link btn\" href=\"https:\/\/lamendigapolitica.com\/?p=81265\">Seguir leyendo<\/a><\/p>\n","protected":false},"author":1,"featured_media":0,"comment_status":"open","ping_status":"closed","sticky":false,"template":"","format":"standard","meta":{"footnotes":""},"categories":[97,45,20,98,38,102,3,29,27,22,41,106],"tags":[],"class_list":["post-81265","post","type-post","status-publish","format-standard","hentry","category-comunicacion","category-featured","category-gobierno","category-justicia","category-movilidad","category-municipio","category-politica","category-salud","category-seguridad","category-sociales","category-tecnologia","category-universidad","item-wrap"],"_links":{"self":[{"href":"https:\/\/lamendigapolitica.com\/index.php?rest_route=\/wp\/v2\/posts\/81265","targetHints":{"allow":["GET"]}}],"collection":[{"href":"https:\/\/lamendigapolitica.com\/index.php?rest_route=\/wp\/v2\/posts"}],"about":[{"href":"https:\/\/lamendigapolitica.com\/index.php?rest_route=\/wp\/v2\/types\/post"}],"author":[{"embeddable":true,"href":"https:\/\/lamendigapolitica.com\/index.php?rest_route=\/wp\/v2\/users\/1"}],"replies":[{"embeddable":true,"href":"https:\/\/lamendigapolitica.com\/index.php?rest_route=%2Fwp%2Fv2%2Fcomments&post=81265"}],"version-history":[{"count":1,"href":"https:\/\/lamendigapolitica.com\/index.php?rest_route=\/wp\/v2\/posts\/81265\/revisions"}],"predecessor-version":[{"id":81267,"href":"https:\/\/lamendigapolitica.com\/index.php?rest_route=\/wp\/v2\/posts\/81265\/revisions\/81267"}],"wp:attachment":[{"href":"https:\/\/lamendigapolitica.com\/index.php?rest_route=%2Fwp%2Fv2%2Fmedia&parent=81265"}],"wp:term":[{"taxonomy":"category","embeddable":true,"href":"https:\/\/lamendigapolitica.com\/index.php?rest_route=%2Fwp%2Fv2%2Fcategories&post=81265"},{"taxonomy":"post_tag","embeddable":true,"href":"https:\/\/lamendigapolitica.com\/index.php?rest_route=%2Fwp%2Fv2%2Ftags&post=81265"}],"curies":[{"name":"wp","href":"https:\/\/api.w.org\/{rel}","templated":true}]}}