{"id":81245,"date":"2025-06-09T23:49:28","date_gmt":"2025-06-10T05:49:28","guid":{"rendered":"https:\/\/lamendigapolitica.com\/?p=81245"},"modified":"2025-06-10T23:55:20","modified_gmt":"2025-06-11T05:55:20","slug":"impulsa-semadet-acciones-para-generar-conciencia-sobre-la-relacion-entre-seres-humanos-y-cocodrilos-en-puerto-vallarta","status":"publish","type":"post","link":"https:\/\/lamendigapolitica.com\/?p=81245","title":{"rendered":"Impulsa Semadet acciones para generar conciencia sobre la relaci\u00f3n entre seres humanos y cocodrilos en Puerto Vallarta"},"content":{"rendered":"<p><img loading=\"lazy\" decoding=\"async\" class=\"aligncenter size-full wp-image-81246\" src=\"https:\/\/lamendigapolitica.com\/wp-content\/uploads\/2025\/06\/54580660586_a7df655964_c.jpg\" alt=\"\" width=\"799\" height=\"533\" srcset=\"https:\/\/lamendigapolitica.com\/wp-content\/uploads\/2025\/06\/54580660586_a7df655964_c.jpg 799w, https:\/\/lamendigapolitica.com\/wp-content\/uploads\/2025\/06\/54580660586_a7df655964_c-300x200.jpg 300w, https:\/\/lamendigapolitica.com\/wp-content\/uploads\/2025\/06\/54580660586_a7df655964_c-768x512.jpg 768w, https:\/\/lamendigapolitica.com\/wp-content\/uploads\/2025\/06\/54580660586_a7df655964_c-555x370.jpg 555w\" sizes=\"auto, (max-width: 799px) 100vw, 799px\" \/><\/p>\n<p>Se realizar\u00e1n mesas de trabajo, integradas por autoridades de los tres niveles de gobierno, as\u00ed como por la academia e integrantes de la sociedad civil<\/p>\n<p>Adem\u00e1s de tener enfoque educativo, buscar\u00e1n trabajar en conjunto para evitar interacciones negativas con los reptiles<\/p>\n<p>El Gobierno de Jalisco, a trav\u00e9s del equipo multidisciplinario del Parque Estatal Estero El Salado, perteneciente a la Secretar\u00eda de Medio Ambiente y Desarrollo Territorial (Semadet), impulsar\u00e1 mesas de trabajo y talleres educativos sobre la relaci\u00f3n humano-cocodrilo.<!--more--><\/p>\n<p>Estas acciones responden a que los cocodrilos (Crocodylus acutus) son una especie representativa de la zona costera de Jalisco, con un gran valor biol\u00f3gico.<\/p>\n<p>Helios Hern\u00e1ndez Hurtado, bi\u00f3logo experto en cocodrilos y responsable del Parque Estatal Estero El Salado, explic\u00f3 que siempre es un buen momento para informar, educar a la poblaci\u00f3n y generar una convivencia de respeto con una especie que ha estado en nuestro planeta durante millones de a\u00f1os.<\/p>\n<p>Las mesas de trabajo estar\u00e1n integradas por autoridades de los tres niveles de gobierno, as\u00ed como por la academia, asociaciones civiles y sociedad en general.<\/p>\n<p>En este espacio, adem\u00e1s de tener enfoque educativo, se impulsar\u00e1 el trabajo conjunto para evitar interacciones negativas por el acercamiento de estos reptiles a zonas de playa.<\/p>\n<p>\u201cVamos a hacer campa\u00f1as m\u00e1s fuertes aqu\u00ed en el Parque Estatal, junto con la Universidad de Guadalajara, las autoridades municipales, donde se difunda precisamente este tipo de informaci\u00f3n, para que todos conozcamos y no tengamos accidentes, y nos ense\u00f1emos a convivir con la naturaleza\u201d, dijo Hern\u00e1ndez Hurtado.<\/p>\n<p>Apunt\u00f3 que las interacciones negativas suceden cuando las personas no siguen las indicaciones, ignoran los letreros que advierten sobre la presencia de cocodrilos, turistas que intentan tocarlos, tomar fotograf\u00edas o capturar cr\u00edas de cocodrilos de los nidos.<\/p>\n<p>La temporada reproductiva de esta especie es de febrero a julio, por lo que invit\u00f3 a la poblaci\u00f3n a ser cuidadosos y respetuosos, pues entre julio y agosto comienzan los nacimientos de cocodrilos.<\/p>\n<p>Puerto Vallarta fue una zona importante de pantanos y manglares que, en conjunto con el vecino estado de Nayarit, sumaban m\u00e1s de mil hect\u00e1reas de estos tipos de ecosistemas; mismos que con la urbanizaci\u00f3n se han reducido a unas 600 hect\u00e1reas, de las cuales 208 hect\u00e1reas corresponden al Parque Estatal Estero El Salado.<\/p>\n<p>\u201cLo primero que tenemos que entender, es que estos son sitios de cocodrilos, lo han sido hist\u00f3ricamente, lo han sido paleontol\u00f3gicamente, est\u00e1n aqu\u00ed antes que los humanos los cocodrilos\u201d, enfatiz\u00f3 Hern\u00e1ndez Hurtado.<\/p>\n<p>Debido a diversos factores, como la intervenci\u00f3n humana y los depredadores naturales, las cr\u00edas de cocodrilo son muy vulnerables, por lo que el crecimiento de las poblaciones es muy lento.<\/p>\n<p>\u201cEstamos viendo a los mismos cocodrilos, tenemos sistematizados en Puerto Vallarta a casi todos los cocodrilos, tenemos entre 25 y 30 a\u00f1os de datos, sabemos qui\u00e9nes se mueven y hacia d\u00f3nde\u201d, detall\u00f3.<\/p>\n<p>Actualmente, la poblaci\u00f3n de cocodrilos en la Bah\u00eda de Banderas (Jalisco-Nayarit) es de alrededor de 300, de los cuales se tiene el registro de 45 cocodrilos adultos; El Salado cuenta con 60 ejemplares de todos los tama\u00f1os.<\/p>\n<p>\u201cSon muy poquitos en realidad. Las personas pensar\u00edan que hay muchos m\u00e1s, pero si nosotros queremos comparar cocodrilos por \u00e1rea, en 200 hect\u00e1reas 60 cocodrilos nos da medio cocodrilo por hect\u00e1rea, es baj\u00edsima la densidad\u201d, agreg\u00f3.<\/p>\n<p>Hern\u00e1ndez Hurtado record\u00f3 que durante los a\u00f1os 60 y 70, las poblaciones de cocodrilos disminuyeron significativamente debido a la explotaci\u00f3n, pues en aquellos a\u00f1os no estaba regulada la protecci\u00f3n hacia estas especies, incluyendo a la tortuga marina.<\/p>\n<p>Los esfuerzos por su conservaci\u00f3n han ido en aumento de la mano de la UdeG, ya que el Centro Universitario de la Costa (CuCosta), cuenta con la Unidad de Manejo para la Conservaci\u00f3n de la Vida Silvestre llamada \u201cReptilario Cipactli\u201d (vocablo n\u00e1huatl para cocodrilo o caim\u00e1n), donde se realizan investigaciones y acciones de conservaci\u00f3n de reptiles, incluyendo cocodrilos.<\/p>\n","protected":false},"excerpt":{"rendered":"<p>Se realizar\u00e1n mesas de trabajo, integradas por autoridades de los tres niveles de gobierno, as\u00ed como por la academia e integrantes de la sociedad civil Adem\u00e1s de tener enfoque educativo, buscar\u00e1n trabajar en conjunto para evitar interacciones negativas con los reptiles El Gobierno de Jalisco, a trav\u00e9s del equipo multidisciplinario del Parque Estatal Estero El &hellip; <\/p>\n<p><a class=\"more-link btn\" href=\"https:\/\/lamendigapolitica.com\/?p=81245\">Seguir leyendo<\/a><\/p>\n","protected":false},"author":1,"featured_media":0,"comment_status":"open","ping_status":"closed","sticky":false,"template":"","format":"standard","meta":{"footnotes":""},"categories":[107,42,43,45,20,102,29,27,22,24],"tags":[],"class_list":["post-81245","post","type-post","status-publish","format-standard","hentry","category-alimentos","category-clima","category-ecologia","category-featured","category-gobierno","category-municipio","category-salud","category-seguridad","category-sociales","category-turismo","item-wrap"],"_links":{"self":[{"href":"https:\/\/lamendigapolitica.com\/index.php?rest_route=\/wp\/v2\/posts\/81245","targetHints":{"allow":["GET"]}}],"collection":[{"href":"https:\/\/lamendigapolitica.com\/index.php?rest_route=\/wp\/v2\/posts"}],"about":[{"href":"https:\/\/lamendigapolitica.com\/index.php?rest_route=\/wp\/v2\/types\/post"}],"author":[{"embeddable":true,"href":"https:\/\/lamendigapolitica.com\/index.php?rest_route=\/wp\/v2\/users\/1"}],"replies":[{"embeddable":true,"href":"https:\/\/lamendigapolitica.com\/index.php?rest_route=%2Fwp%2Fv2%2Fcomments&post=81245"}],"version-history":[{"count":1,"href":"https:\/\/lamendigapolitica.com\/index.php?rest_route=\/wp\/v2\/posts\/81245\/revisions"}],"predecessor-version":[{"id":81247,"href":"https:\/\/lamendigapolitica.com\/index.php?rest_route=\/wp\/v2\/posts\/81245\/revisions\/81247"}],"wp:attachment":[{"href":"https:\/\/lamendigapolitica.com\/index.php?rest_route=%2Fwp%2Fv2%2Fmedia&parent=81245"}],"wp:term":[{"taxonomy":"category","embeddable":true,"href":"https:\/\/lamendigapolitica.com\/index.php?rest_route=%2Fwp%2Fv2%2Fcategories&post=81245"},{"taxonomy":"post_tag","embeddable":true,"href":"https:\/\/lamendigapolitica.com\/index.php?rest_route=%2Fwp%2Fv2%2Ftags&post=81245"}],"curies":[{"name":"wp","href":"https:\/\/api.w.org\/{rel}","templated":true}]}}