{"id":81227,"date":"2025-06-06T22:50:11","date_gmt":"2025-06-07T04:50:11","guid":{"rendered":"https:\/\/lamendigapolitica.com\/?p=81227"},"modified":"2025-06-08T22:51:21","modified_gmt":"2025-06-09T04:51:21","slug":"puerto-vallarta-se-une-a-la-lucha-contra-la-contaminacion-de-playas","status":"publish","type":"post","link":"https:\/\/lamendigapolitica.com\/?p=81227","title":{"rendered":"Puerto Vallarta se une a la lucha contra la contaminaci\u00f3n de playas"},"content":{"rendered":"<p><img loading=\"lazy\" decoding=\"async\" class=\"aligncenter size-large wp-image-81229\" src=\"https:\/\/lamendigapolitica.com\/wp-content\/uploads\/2025\/06\/COMUNICADO-706-4-1024x683.jpeg\" alt=\"\" width=\"555\" height=\"370\" srcset=\"https:\/\/lamendigapolitica.com\/wp-content\/uploads\/2025\/06\/COMUNICADO-706-4-1024x683.jpeg 1024w, https:\/\/lamendigapolitica.com\/wp-content\/uploads\/2025\/06\/COMUNICADO-706-4-300x200.jpeg 300w, https:\/\/lamendigapolitica.com\/wp-content\/uploads\/2025\/06\/COMUNICADO-706-4-768x512.jpeg 768w, https:\/\/lamendigapolitica.com\/wp-content\/uploads\/2025\/06\/COMUNICADO-706-4-1536x1024.jpeg 1536w, https:\/\/lamendigapolitica.com\/wp-content\/uploads\/2025\/06\/COMUNICADO-706-4-2048x1365.jpeg 2048w, https:\/\/lamendigapolitica.com\/wp-content\/uploads\/2025\/06\/COMUNICADO-706-4-555x370.jpeg 555w\" sizes=\"auto, (max-width: 555px) 100vw, 555px\" \/><\/p>\n<p>\u00b7 Este destino, representando a Jalisco fue una de las cinco sedes que dieron el banderazo a la Campa\u00f1a Nacional de Limpieza y Conservaci\u00f3n de Playas y Costas de M\u00e9xico 2025-2030<\/p>\n<p>En el marco del D\u00eda Mundial del Medio Ambiente, dio arranque la Campa\u00f1a Nacional de Limpieza y Conservaci\u00f3n de Playas y Costas de M\u00e9xico 2025-2030, por parte del gobierno federal con el objetivo de eliminar completamente los pl\u00e1sticos de las costas mexicanas en cinco a\u00f1os. Puerto Vallarta fue una de las cinco sedes que dieron el banderazo de inicio a esta iniciativa, junto con Baja California, Guerrero, Quintana Roo y Yucat\u00e1n.<!--more--><\/p>\n<p>En Puerto Vallarta, m\u00e1s de mil voluntarios se unieron para limpiar cinco playas de la ciudad, que incluyeron, incluyeron Holi, Camarones y Los Muertos, demostrando el compromiso de la comunidad para protegerlas. La Secretaria de Medio Ambiente y Desarrollo Territorial del Gobierno de Jalisco, Paola Bauche Petersen, en representaci\u00f3n del gobernador Pablo Lemus, se enlaz\u00f3 desde este destino a la conferencia ma\u00f1anera de la presidenta de M\u00e9xico, Claudia Sheinbaum Pardo, en donde destac\u00f3 la importancia de cuidar las playas y costas de este estado, que cuentan con 397 kil\u00f3metros de litoral en el Pac\u00edfico y ofrecen playas de gran valor tur\u00edstico y ecol\u00f3gico.<\/p>\n<p>Por su parte, el regidor presidente de la Comisi\u00f3n de Playas Libres, Limpias y Certificadas, Christian Omar Bravo Carbajal, en representaci\u00f3n del alcalde Luis Mungu\u00eda, resalt\u00f3 que en Puerto Vallarta se han realizado m\u00e1s de 17 jornadas de limpieza de playas y cuerpos de agua, retirando 125 toneladas de basura con la participaci\u00f3n de m\u00e1s de 3 mil personas. \u00abEn Vallarta no nos quedamos en el discurso; hemos salido a que nuestras playas renazcan\u00bb, afirm\u00f3 Bravo Carbajal.<\/p>\n","protected":false},"excerpt":{"rendered":"<p>\u00b7 Este destino, representando a Jalisco fue una de las cinco sedes que dieron el banderazo a la Campa\u00f1a Nacional de Limpieza y Conservaci\u00f3n de Playas y Costas de M\u00e9xico 2025-2030 En el marco del D\u00eda Mundial del Medio Ambiente, dio arranque la Campa\u00f1a Nacional de Limpieza y Conservaci\u00f3n de Playas y Costas de M\u00e9xico &hellip; <\/p>\n<p><a class=\"more-link btn\" href=\"https:\/\/lamendigapolitica.com\/?p=81227\">Seguir leyendo<\/a><\/p>\n","protected":false},"author":1,"featured_media":0,"comment_status":"open","ping_status":"closed","sticky":false,"template":"","format":"standard","meta":{"footnotes":""},"categories":[42,1,97,26,43,28,45,20,102,37,5,3,27,22],"tags":[],"class_list":["post-81227","post","type-post","status-publish","format-standard","hentry","category-clima","category-columnista","category-comunicacion","category-cultura","category-ecologia","category-educacion","category-featured","category-gobierno","category-municipio","category-nacional","category-partidos","category-politica","category-seguridad","category-sociales","item-wrap"],"_links":{"self":[{"href":"https:\/\/lamendigapolitica.com\/index.php?rest_route=\/wp\/v2\/posts\/81227","targetHints":{"allow":["GET"]}}],"collection":[{"href":"https:\/\/lamendigapolitica.com\/index.php?rest_route=\/wp\/v2\/posts"}],"about":[{"href":"https:\/\/lamendigapolitica.com\/index.php?rest_route=\/wp\/v2\/types\/post"}],"author":[{"embeddable":true,"href":"https:\/\/lamendigapolitica.com\/index.php?rest_route=\/wp\/v2\/users\/1"}],"replies":[{"embeddable":true,"href":"https:\/\/lamendigapolitica.com\/index.php?rest_route=%2Fwp%2Fv2%2Fcomments&post=81227"}],"version-history":[{"count":2,"href":"https:\/\/lamendigapolitica.com\/index.php?rest_route=\/wp\/v2\/posts\/81227\/revisions"}],"predecessor-version":[{"id":81230,"href":"https:\/\/lamendigapolitica.com\/index.php?rest_route=\/wp\/v2\/posts\/81227\/revisions\/81230"}],"wp:attachment":[{"href":"https:\/\/lamendigapolitica.com\/index.php?rest_route=%2Fwp%2Fv2%2Fmedia&parent=81227"}],"wp:term":[{"taxonomy":"category","embeddable":true,"href":"https:\/\/lamendigapolitica.com\/index.php?rest_route=%2Fwp%2Fv2%2Fcategories&post=81227"},{"taxonomy":"post_tag","embeddable":true,"href":"https:\/\/lamendigapolitica.com\/index.php?rest_route=%2Fwp%2Fv2%2Ftags&post=81227"}],"curies":[{"name":"wp","href":"https:\/\/api.w.org\/{rel}","templated":true}]}}