{"id":81220,"date":"2025-06-04T22:54:30","date_gmt":"2025-06-05T04:54:30","guid":{"rendered":"https:\/\/lamendigapolitica.com\/?p=81220"},"modified":"2025-06-05T23:02:28","modified_gmt":"2025-06-06T05:02:28","slug":"gerardo-quirino-presenta-al-gobierno-federal-plan-de-recuperacion-de-vivienda","status":"publish","type":"post","link":"https:\/\/lamendigapolitica.com\/?p=81220","title":{"rendered":"Gerardo Quirino presenta al Gobierno Federal plan de recuperaci\u00f3n de vivienda"},"content":{"rendered":"<p><img loading=\"lazy\" decoding=\"async\" class=\"aligncenter size-full wp-image-81221\" src=\"https:\/\/lamendigapolitica.com\/wp-content\/uploads\/2025\/06\/54566188629_fa11f06e40_c.jpg\" alt=\"\" width=\"800\" height=\"457\" srcset=\"https:\/\/lamendigapolitica.com\/wp-content\/uploads\/2025\/06\/54566188629_fa11f06e40_c.jpg 800w, https:\/\/lamendigapolitica.com\/wp-content\/uploads\/2025\/06\/54566188629_fa11f06e40_c-300x171.jpg 300w, https:\/\/lamendigapolitica.com\/wp-content\/uploads\/2025\/06\/54566188629_fa11f06e40_c-768x439.jpg 768w, https:\/\/lamendigapolitica.com\/wp-content\/uploads\/2025\/06\/54566188629_fa11f06e40_c-555x317.jpg 555w\" sizes=\"auto, (max-width: 800px) 100vw, 800px\" \/><\/p>\n<p>El alcalde expuso ante las autoridades de SEDATU, una estrategia pionera para rehabitar hasta 10 mil viviendas<br \/>\n\u2022 Tlajo es el primer municipio que presenta una propuesta sustentada y t\u00e9cnicamente viable<\/p>\n<p>Gerardo Quirino Vel\u00e1zquez Ch\u00e1vez, presidente municipal de Tlajomulco, present\u00f3 ante la Secretar\u00eda de Desarrollo Agrario, Territorial y Urbano (SEDATU) del Gobierno de la Rep\u00fablica, el Plan de Recuperaci\u00f3n Integral de Vivienda, una estrategia pionera que busca rehabitar hasta 10 mil viviendas abandonadas en el municipio. Esta iniciativa se alinea con el Plan Nacional de Recuperaci\u00f3n de Vivienda impulsado por la presidenta Claudia Sheinbaum.<!--more--><\/p>\n<p>\u201cEs bien importante para nosotros, Tlajomulco que es uno de los municipios con m\u00e1s viviendas abandonadas de nuestro pa\u00eds, hoy viene a decirle al Gobierno Federal, a la presidenta Claudia Sheinbaum, con el apoyo del gobernador Pablo Lemus que estamos listos, levantando la mano para poder entrarle al Plan de Recuperaci\u00f3n de Vivienda que present\u00f3 la presidenta y que Tlajomulco pueda contribuir con 10 mil viviendas\u201d, detall\u00f3 el acalde.<\/p>\n<p>Asimismo, Gerardo Quirino destac\u00f3 las condiciones de este plan y del trabajo que realiza el municipio, pues desde el inici\u00f3 de administraci\u00f3n, las acciones de gobierno est\u00e1n enfocadas en la recuperaci\u00f3n de espacios, as\u00ed como a generar condiciones de habitabilidad mejorando los servicios p\u00fablicos e incrementando la infraestructura urbana.<\/p>\n<p>El plan que present\u00f3 Tlajomulco contempla:<br \/>\n\u2022 Recolocaci\u00f3n de 8 mil 500 viviendas recuperadas por INFONAVIT<br \/>\n\u2022 Atracci\u00f3n de inversi\u00f3n privada para concluir las viviendas y fraccionamientos pendientes<br \/>\n\u2022 Condonaci\u00f3n de multas y recargos para facilitar la regularizaci\u00f3n<br \/>\n\u2022 Simplificaci\u00f3n de tr\u00e1mites administrativos<\/p>\n<p>Junto con el alcalde estuvo Guillermo Medrano Barba, director General del Instituto Jalisciense de la Vivienda, quien destac\u00f3 las condiciones y beneficios que ofrece el proyecto que se gest\u00f3 en Tlajomulco. Adem\u00e1s, el coordinador general de Gesti\u00f3n del Territorio y Obras P\u00fablicas, Ren\u00e9 Caro G\u00f3mez, explic\u00f3 que el plan responde a la necesidad urgente de revertir los efectos de un crecimiento urbano desordenado, que ha generado rezago social y deterioro del entorno. Destac\u00f3 que hoy existen mejores condiciones para rehacer comunidad, gracias a las inversiones en infraestructura realizadas en los \u00faltimos 15 a\u00f1os, incluyendo vialidades, transporte p\u00fablico, hospitales y escuelas.<\/p>\n<p>El Plan de Recuperaci\u00f3n Integral de Vivienda se estructura en seis acciones estrat\u00e9gicas:<br \/>\n1. Diagn\u00f3sticos en sitio.<br \/>\n2. Priorizaci\u00f3n de pol\u00edgonos.<br \/>\n3. Acuerdos de colaboraci\u00f3n social.<br \/>\n4. Rehabilitaci\u00f3n de viviendas.<br \/>\n5. Mejoramiento de entornos.<br \/>\n6. Gobernanza permanente.<\/p>\n<p>Con este plan, Tlajomulco busca pasar de ser el municipio con m\u00e1s viviendas abandonadas del pa\u00eds a convertirse en un modelo nacional de recuperaci\u00f3n habitacional y regeneraci\u00f3n urbana.<\/p>\n<p>De parte del Gobierno Federal, estuvieron presentes el director general de Coordinaci\u00f3n T\u00e9cnica de SEDATU, Daniel Gonz\u00e1lez Escobar; la titular de la Direcci\u00f3n General de Pol\u00edtica de Vivienda, Silvia Circe D\u00edaz Duarte; y la directora general de Seguimiento de Proyectos Prioritarios y Comunicaci\u00f3n Social, Anjanette Deyanira Cebada Soto.<\/p>\n","protected":false},"excerpt":{"rendered":"<p>El alcalde expuso ante las autoridades de SEDATU, una estrategia pionera para rehabitar hasta 10 mil viviendas \u2022 Tlajo es el primer municipio que presenta una propuesta sustentada y t\u00e9cnicamente viable Gerardo Quirino Vel\u00e1zquez Ch\u00e1vez, presidente municipal de Tlajomulco, present\u00f3 ante la Secretar\u00eda de Desarrollo Agrario, Territorial y Urbano (SEDATU) del Gobierno de la Rep\u00fablica, &hellip; <\/p>\n<p><a class=\"more-link btn\" href=\"https:\/\/lamendigapolitica.com\/?p=81220\">Seguir leyendo<\/a><\/p>\n","protected":false},"author":1,"featured_media":0,"comment_status":"open","ping_status":"closed","sticky":false,"template":"","format":"standard","meta":{"footnotes":""},"categories":[30,45,20,102,37,3,27,22,41],"tags":[],"class_list":["post-81220","post","type-post","status-publish","format-standard","hentry","category-economia","category-featured","category-gobierno","category-municipio","category-nacional","category-politica","category-seguridad","category-sociales","category-tecnologia","item-wrap"],"_links":{"self":[{"href":"https:\/\/lamendigapolitica.com\/index.php?rest_route=\/wp\/v2\/posts\/81220","targetHints":{"allow":["GET"]}}],"collection":[{"href":"https:\/\/lamendigapolitica.com\/index.php?rest_route=\/wp\/v2\/posts"}],"about":[{"href":"https:\/\/lamendigapolitica.com\/index.php?rest_route=\/wp\/v2\/types\/post"}],"author":[{"embeddable":true,"href":"https:\/\/lamendigapolitica.com\/index.php?rest_route=\/wp\/v2\/users\/1"}],"replies":[{"embeddable":true,"href":"https:\/\/lamendigapolitica.com\/index.php?rest_route=%2Fwp%2Fv2%2Fcomments&post=81220"}],"version-history":[{"count":1,"href":"https:\/\/lamendigapolitica.com\/index.php?rest_route=\/wp\/v2\/posts\/81220\/revisions"}],"predecessor-version":[{"id":81222,"href":"https:\/\/lamendigapolitica.com\/index.php?rest_route=\/wp\/v2\/posts\/81220\/revisions\/81222"}],"wp:attachment":[{"href":"https:\/\/lamendigapolitica.com\/index.php?rest_route=%2Fwp%2Fv2%2Fmedia&parent=81220"}],"wp:term":[{"taxonomy":"category","embeddable":true,"href":"https:\/\/lamendigapolitica.com\/index.php?rest_route=%2Fwp%2Fv2%2Fcategories&post=81220"},{"taxonomy":"post_tag","embeddable":true,"href":"https:\/\/lamendigapolitica.com\/index.php?rest_route=%2Fwp%2Fv2%2Ftags&post=81220"}],"curies":[{"name":"wp","href":"https:\/\/api.w.org\/{rel}","templated":true}]}}