{"id":81216,"date":"2025-06-05T22:54:16","date_gmt":"2025-06-06T04:54:16","guid":{"rendered":"https:\/\/lamendigapolitica.com\/?p=81216"},"modified":"2025-06-05T22:54:16","modified_gmt":"2025-06-06T04:54:16","slug":"los-alegres-del-barranco-suman-delito-por-recursos-de-procedencia-ilicita","status":"publish","type":"post","link":"https:\/\/lamendigapolitica.com\/?p=81216","title":{"rendered":"Los ALegres del Barranco suman delito por recursos de procedencia il\u00edcita"},"content":{"rendered":"<p><img loading=\"lazy\" decoding=\"async\" class=\"aligncenter size-large wp-image-81218\" src=\"https:\/\/lamendigapolitica.com\/wp-content\/uploads\/2025\/06\/5c5d24dd-c9cd-4a94-bee5-8aaef93bb7a0-1024x563.jpg\" alt=\"\" width=\"555\" height=\"305\" srcset=\"https:\/\/lamendigapolitica.com\/wp-content\/uploads\/2025\/06\/5c5d24dd-c9cd-4a94-bee5-8aaef93bb7a0-1024x563.jpg 1024w, https:\/\/lamendigapolitica.com\/wp-content\/uploads\/2025\/06\/5c5d24dd-c9cd-4a94-bee5-8aaef93bb7a0-300x165.jpg 300w, https:\/\/lamendigapolitica.com\/wp-content\/uploads\/2025\/06\/5c5d24dd-c9cd-4a94-bee5-8aaef93bb7a0-768x422.jpg 768w, https:\/\/lamendigapolitica.com\/wp-content\/uploads\/2025\/06\/5c5d24dd-c9cd-4a94-bee5-8aaef93bb7a0-555x305.jpg 555w, https:\/\/lamendigapolitica.com\/wp-content\/uploads\/2025\/06\/5c5d24dd-c9cd-4a94-bee5-8aaef93bb7a0.jpg 1082w\" sizes=\"auto, (max-width: 555px) 100vw, 555px\" \/><\/p>\n<p>En las investigaciones que la Fiscal\u00eda del Estado de Jalisco realiza en torno a la posible apolog\u00eda del delito tras diferentes presentaciones de un grupo musical, se suma una nueva l\u00ednea de investigaci\u00f3n, por la cual ya hay un aseguramiento econ\u00f3mico por el posible delito de operaciones con recursos de procedencia il\u00edcita.<!--more--><\/p>\n<p>Tras la presentaci\u00f3n realizada en un auditorio en el Municipio de Zapopan, donde presuntamente se habr\u00eda interpretado una canci\u00f3n, acompa\u00f1ada de im\u00e1genes alusivas a un personaje de una organizaci\u00f3n delictiva, tambi\u00e9n se investiga ahora la posibilidad de que las ganancias del concierto hubiesen sido il\u00edcitas.<\/p>\n<p>De acuerdo con la nueva carpeta de investigaci\u00f3n y con los datos de prueba que se recabaron, se obtuvo una autorizaci\u00f3n judicial para el aseguramiento de $5,878,179.93 pesos, que representa las ganancias que se presumen il\u00edcitas motivo de los hechos denunciados. Luego del aseguramiento, se inform\u00f3 a la Direcci\u00f3n de Extinci\u00f3n de Dominio para que, de acuerdo con sus atribuciones y facultades, sustancie los procedimientos y ejercite las acciones correspondientes.<\/p>\n<p>En estas investigaciones, ya han acudido a declarar ante el Ministerio P\u00fablico los integrantes de la agrupaci\u00f3n musical se\u00f1alada, quienes tambi\u00e9n fueron ya vinculados a proceso por apolog\u00eda del delito, junto con un promotor y un representante.<\/p>\n<p>En total, se contabilizan cuatro presentaciones en distintos municipios donde pudo haberse repetido la interpretaci\u00f3n investigada.<\/p>\n","protected":false},"excerpt":{"rendered":"<p>En las investigaciones que la Fiscal\u00eda del Estado de Jalisco realiza en torno a la posible apolog\u00eda del delito tras diferentes presentaciones de un grupo musical, se suma una nueva l\u00ednea de investigaci\u00f3n, por la cual ya hay un aseguramiento econ\u00f3mico por el posible delito de operaciones con recursos de procedencia il\u00edcita.<\/p><p><a class=\"more-link btn\" href=\"https:\/\/lamendigapolitica.com\/?p=81216\">Seguir leyendo<\/a><\/p>\n","protected":false},"author":1,"featured_media":0,"comment_status":"open","ping_status":"closed","sticky":false,"template":"","format":"standard","meta":{"footnotes":""},"categories":[45,20,99,5,3,29,27,22],"tags":[],"class_list":["post-81216","post","type-post","status-publish","format-standard","hentry","category-featured","category-gobierno","category-musica","category-partidos","category-politica","category-salud","category-seguridad","category-sociales","item-wrap"],"_links":{"self":[{"href":"https:\/\/lamendigapolitica.com\/index.php?rest_route=\/wp\/v2\/posts\/81216","targetHints":{"allow":["GET"]}}],"collection":[{"href":"https:\/\/lamendigapolitica.com\/index.php?rest_route=\/wp\/v2\/posts"}],"about":[{"href":"https:\/\/lamendigapolitica.com\/index.php?rest_route=\/wp\/v2\/types\/post"}],"author":[{"embeddable":true,"href":"https:\/\/lamendigapolitica.com\/index.php?rest_route=\/wp\/v2\/users\/1"}],"replies":[{"embeddable":true,"href":"https:\/\/lamendigapolitica.com\/index.php?rest_route=%2Fwp%2Fv2%2Fcomments&post=81216"}],"version-history":[{"count":2,"href":"https:\/\/lamendigapolitica.com\/index.php?rest_route=\/wp\/v2\/posts\/81216\/revisions"}],"predecessor-version":[{"id":81219,"href":"https:\/\/lamendigapolitica.com\/index.php?rest_route=\/wp\/v2\/posts\/81216\/revisions\/81219"}],"wp:attachment":[{"href":"https:\/\/lamendigapolitica.com\/index.php?rest_route=%2Fwp%2Fv2%2Fmedia&parent=81216"}],"wp:term":[{"taxonomy":"category","embeddable":true,"href":"https:\/\/lamendigapolitica.com\/index.php?rest_route=%2Fwp%2Fv2%2Fcategories&post=81216"},{"taxonomy":"post_tag","embeddable":true,"href":"https:\/\/lamendigapolitica.com\/index.php?rest_route=%2Fwp%2Fv2%2Ftags&post=81216"}],"curies":[{"name":"wp","href":"https:\/\/api.w.org\/{rel}","templated":true}]}}