{"id":81207,"date":"2025-06-02T13:32:06","date_gmt":"2025-06-02T19:32:06","guid":{"rendered":"https:\/\/lamendigapolitica.com\/?p=81207"},"modified":"2025-06-03T13:50:27","modified_gmt":"2025-06-03T19:50:27","slug":"presenta-veronica-delgadillo-estrategia-de-seguridad-ciudadana-para-guadalajara","status":"publish","type":"post","link":"https:\/\/lamendigapolitica.com\/?p=81207","title":{"rendered":"Presenta Ver\u00f3nica Delgadillo Estrategia de Seguridad Ciudadana para Guadalajara"},"content":{"rendered":"<p><img loading=\"lazy\" decoding=\"async\" class=\"aligncenter size-full wp-image-81208\" src=\"https:\/\/lamendigapolitica.com\/wp-content\/uploads\/2025\/06\/54563751273_e33edf46ab_c.jpg\" alt=\"\" width=\"800\" height=\"533\" srcset=\"https:\/\/lamendigapolitica.com\/wp-content\/uploads\/2025\/06\/54563751273_e33edf46ab_c.jpg 800w, https:\/\/lamendigapolitica.com\/wp-content\/uploads\/2025\/06\/54563751273_e33edf46ab_c-300x200.jpg 300w, https:\/\/lamendigapolitica.com\/wp-content\/uploads\/2025\/06\/54563751273_e33edf46ab_c-768x512.jpg 768w, https:\/\/lamendigapolitica.com\/wp-content\/uploads\/2025\/06\/54563751273_e33edf46ab_c-555x370.jpg 555w\" sizes=\"auto, (max-width: 800px) 100vw, 800px\" \/><\/p>\n<p>* La Estrategia de Seguridad Ciudadana contempla acciones y programas transversales de intervenci\u00f3n en espacios p\u00fablicos, iluminaci\u00f3n, cercan\u00eda e interacci\u00f3n de primera mano con vecinas y vecinos, mediaci\u00f3n y justicia c\u00edvica.<br \/>\n* Se han desarticulado 19 bandas delictivas y se reportan m\u00e1s de seis mil personas detenidas por delitos y faltas administrativas.<br \/>\n* La Estrategia est\u00e1 alienada a la visi\u00f3n de ciudad, puntualiz\u00f3 Delgadillo Garc\u00eda.<!--more--><\/p>\n<p>Con una serie de programas y pol\u00edticas p\u00fablicas que tienen como eje com\u00fan la proximidad y que la ciudadan\u00eda regrese a los espacios p\u00fablicos, la primera presidenta de Guadalajara, Ver\u00f3nica Delgadillo, present\u00f3 la Estrategia de Seguridad Ciudadana.<\/p>\n<p>En un encuentro con m\u00e1s de 50 l\u00edderes sociales, empresariales y vecinales, Delgadillo Garc\u00eda explic\u00f3 que este nuevo modelo de seguridad ha dado sus primeros resultados con la desarticulaci\u00f3n de 19 bandas delictivas, y m\u00e1s de seis mil personas detenidas.<\/p>\n<p>\u201cTodos los programas de nuestro gobierno est\u00e1n engarzados. La seguridad es un tema tan importante que tiene la misma visi\u00f3n de ciudad que tenemos, por ello, esta ciudad avanza con estrategia, avanza con una visi\u00f3n, es una ciudad que est\u00e1 bien coordinada con los diferentes \u00f3rdenes de gobierno, que tiene a un equipo que se desdobla en calle pensando en lo mejor por su gente\u201d, expres\u00f3.<\/p>\n<p>Inform\u00f3 que \u201clos operativos que se han realizado han permitido la detenci\u00f3n de 6 mil 716 personas, 19 bandas delictivas desarticuladas, y 60 \u00f3rdenes de aprehensi\u00f3n cumplimentadas\u201d.<\/p>\n<p>La Estrategia de Seguridad Ciudadana se fundamenta en la proximidad policial. Hasta ahora se han verificado m\u00e1s de 350 chats vecinales que permiten comunicaci\u00f3n directa entre las y los vecinos y las autoridades.<\/p>\n<p>Adem\u00e1s, la estrategia se fortalece con servicios p\u00fablicos que inciden en la vida cotidiana: iluminaci\u00f3n de calles, avenidas, unidades habitaciones y mil 500 nuevos puntos de luz en parques p\u00fablicos; la operaci\u00f3n de la Gerencia Nocturna, la implementaci\u00f3n de Limpia Guadalajara, y la nueva divisi\u00f3n administrativa en once comunidades, con lo que se promueven entornos seguros desde lo urbano y lo comunitario.<\/p>\n<p>La pol\u00edtica de Seguridad Ciudadana est\u00e1 ligada adem\u00e1s a la Justicia C\u00edvica.<\/p>\n<p>Durante los primeros siete meses de la administraci\u00f3n se han realizado en 572 mediaciones derivadas de conflictos vecinales, legales, de asesor\u00edas jur\u00eddicas, lo que permite trabajar en la prevenci\u00f3n, y atajar conflictos antes de un acto violento.<\/p>\n<p>Delgadillo Garc\u00eda enfatiz\u00f3 que todas las pol\u00edticas de su gobierno est\u00e1n encaminadas a fortalecer la seguridad como un derecho y no solo como una aspiraci\u00f3n.<\/p>\n<p>El Comisario General de Seguridad P\u00fablica, Ismael Ram\u00edrez, inform\u00f3 que se han asegurado 638 veh\u00edculos, 255 motocicletas con reporte de robo, 238 armas de fuego y m\u00e1s de 4,000 cartuchos.<\/p>\n<p>\u201cHemos evitado que 10 mil 824 dosis de droga lleguen a nuestras ni\u00f1as, ni\u00f1os y j\u00f3venes en estos primeros meses, as\u00ed como 58 kilos de marihuana\u201d.<\/p>\n<p>Las y los asistentes reconocieron la visi\u00f3n de una administraci\u00f3n que trabaja con estrategia, cercan\u00eda y resultados. El Gobierno de Guadalajara continuar\u00e1 reforzando esta pol\u00edtica p\u00fablica para que la seguridad deje de ser una promesa y se convierta en una garant\u00eda.<\/p>\n","protected":false},"excerpt":{"rendered":"<p>* La Estrategia de Seguridad Ciudadana contempla acciones y programas transversales de intervenci\u00f3n en espacios p\u00fablicos, iluminaci\u00f3n, cercan\u00eda e interacci\u00f3n de primera mano con vecinas y vecinos, mediaci\u00f3n y justicia c\u00edvica. * Se han desarticulado 19 bandas delictivas y se reportan m\u00e1s de seis mil personas detenidas por delitos y faltas administrativas. * La Estrategia &hellip; <\/p>\n<p><a class=\"more-link btn\" href=\"https:\/\/lamendigapolitica.com\/?p=81207\">Seguir leyendo<\/a><\/p>\n","protected":false},"author":1,"featured_media":0,"comment_status":"open","ping_status":"closed","sticky":false,"template":"","format":"standard","meta":{"footnotes":""},"categories":[45,20,98,102,3,27,22],"tags":[],"class_list":["post-81207","post","type-post","status-publish","format-standard","hentry","category-featured","category-gobierno","category-justicia","category-municipio","category-politica","category-seguridad","category-sociales","item-wrap"],"_links":{"self":[{"href":"https:\/\/lamendigapolitica.com\/index.php?rest_route=\/wp\/v2\/posts\/81207","targetHints":{"allow":["GET"]}}],"collection":[{"href":"https:\/\/lamendigapolitica.com\/index.php?rest_route=\/wp\/v2\/posts"}],"about":[{"href":"https:\/\/lamendigapolitica.com\/index.php?rest_route=\/wp\/v2\/types\/post"}],"author":[{"embeddable":true,"href":"https:\/\/lamendigapolitica.com\/index.php?rest_route=\/wp\/v2\/users\/1"}],"replies":[{"embeddable":true,"href":"https:\/\/lamendigapolitica.com\/index.php?rest_route=%2Fwp%2Fv2%2Fcomments&post=81207"}],"version-history":[{"count":1,"href":"https:\/\/lamendigapolitica.com\/index.php?rest_route=\/wp\/v2\/posts\/81207\/revisions"}],"predecessor-version":[{"id":81209,"href":"https:\/\/lamendigapolitica.com\/index.php?rest_route=\/wp\/v2\/posts\/81207\/revisions\/81209"}],"wp:attachment":[{"href":"https:\/\/lamendigapolitica.com\/index.php?rest_route=%2Fwp%2Fv2%2Fmedia&parent=81207"}],"wp:term":[{"taxonomy":"category","embeddable":true,"href":"https:\/\/lamendigapolitica.com\/index.php?rest_route=%2Fwp%2Fv2%2Fcategories&post=81207"},{"taxonomy":"post_tag","embeddable":true,"href":"https:\/\/lamendigapolitica.com\/index.php?rest_route=%2Fwp%2Fv2%2Ftags&post=81207"}],"curies":[{"name":"wp","href":"https:\/\/api.w.org\/{rel}","templated":true}]}}