{"id":81204,"date":"2025-06-01T13:27:46","date_gmt":"2025-06-01T19:27:46","guid":{"rendered":"https:\/\/lamendigapolitica.com\/?p=81204"},"modified":"2025-06-03T13:31:50","modified_gmt":"2025-06-03T19:31:50","slug":"inicia-inedita-jornada-electoral-de-la-primera-eleccion-del-poder-judicial","status":"publish","type":"post","link":"https:\/\/lamendigapolitica.com\/?p=81204","title":{"rendered":"Inicia in\u00e9dita Jornada Electoral de la primera elecci\u00f3n del Poder Judicial"},"content":{"rendered":"<p><img loading=\"lazy\" decoding=\"async\" class=\"aligncenter size-full wp-image-81205\" src=\"https:\/\/lamendigapolitica.com\/wp-content\/uploads\/2025\/06\/urna.jpg\" alt=\"\" width=\"263\" height=\"191\" \/><\/p>\n<p>&nbsp;<\/p>\n<p>Con la ceremonia de izamiento y honores a la Bandera Nacional, el Instituto Nacional Electoral (INE) dio inicio a la Jornada Electoral del Proceso Electoral Extraordinario para la elecci\u00f3n de diversos cargos del Poder Judicial de la Federaci\u00f3n (PEEPJF) 2024-2025.<!--more--><\/p>\n<p>Desde la explanada de las oficinas centrales del INE, la Consejera Presidenta Guadalupe Taddei Zavala hizo un llamado a toda la ciudadan\u00eda a que ejerzan su derecho al voto.<\/p>\n<p>\u201cSalgamos a votar con la convicci\u00f3n de que nuestra participaci\u00f3n transforma. Hag\u00e1moslo, porque la justicia tambi\u00e9n se construye desde las urnas y porque si algo distingue a M\u00e9xico es su gente solidaria y comprometida. Hoy, sin duda, la inmensa fuerza de la sociedad mexicana se expresar\u00e1 en las urnas\u201d, sostuvo.<\/p>\n<p>Acompa\u00f1ada de las y los consejeros electorales, as\u00ed como de la Secretaria Ejecutiva del INE, Claudia Arlett Espino, Taddei Zavala subray\u00f3 que este proceso electoral no es s\u00f3lo un acto pol\u00edtico o administrativo; \u201ces la reconciliaci\u00f3n de la democracia con su esencia m\u00e1s pura: el poder ciudadano transformando activamente a las instituciones para que, en justicia, sirvan mejor a la colectividad que las elige\u201d.<\/p>\n<p>La Consejera Presidenta recalc\u00f3 que hoy no s\u00f3lo se eligen personas, sino \u201cel tipo de justicia que queremos para nuestro pa\u00eds: cada boleta depositada en las urnas es un acto de confianza de que nuestras instituciones pueden y deben servir mejor a la ciudadan\u00eda\u201d.<\/p>\n<p>Afirm\u00f3 que el INE cumple con su mandato constitucional de organizar y ejecutar todas las etapas de este proceso electoral extraordinario, as\u00ed como de garantizar que todas las y los ciudadanos est\u00e9n en posibilidades de votar en todo el pa\u00eds.<\/p>\n<p>Al evento tambi\u00e9n asistieron la Magistrada Presidenta del Tribunal Electoral del Poder Judicial de la Federaci\u00f3n (TEPJF), M\u00f3nica Aral\u00ed Soto Fregoso y la Magistrada del TEPJF Janine Ot\u00e1lora Malassis.<\/p>\n<p>La ceremonia cont\u00f3 con la participaci\u00f3n de la Orquesta filarm\u00f3nica, la banda de guerra y la escolta de la Secretar\u00eda de Marina.<\/p>\n","protected":false},"excerpt":{"rendered":"<p>&nbsp; Con la ceremonia de izamiento y honores a la Bandera Nacional, el Instituto Nacional Electoral (INE) dio inicio a la Jornada Electoral del Proceso Electoral Extraordinario para la elecci\u00f3n de diversos cargos del Poder Judicial de la Federaci\u00f3n (PEEPJF) 2024-2025.<\/p><p><a class=\"more-link btn\" href=\"https:\/\/lamendigapolitica.com\/?p=81204\">Seguir leyendo<\/a><\/p>\n","protected":false},"author":1,"featured_media":0,"comment_status":"open","ping_status":"closed","sticky":false,"template":"","format":"standard","meta":{"footnotes":""},"categories":[100,45,20,37,5,3],"tags":[],"class_list":["post-81204","post","type-post","status-publish","format-standard","hentry","category-electoral","category-featured","category-gobierno","category-nacional","category-partidos","category-politica","item-wrap"],"_links":{"self":[{"href":"https:\/\/lamendigapolitica.com\/index.php?rest_route=\/wp\/v2\/posts\/81204","targetHints":{"allow":["GET"]}}],"collection":[{"href":"https:\/\/lamendigapolitica.com\/index.php?rest_route=\/wp\/v2\/posts"}],"about":[{"href":"https:\/\/lamendigapolitica.com\/index.php?rest_route=\/wp\/v2\/types\/post"}],"author":[{"embeddable":true,"href":"https:\/\/lamendigapolitica.com\/index.php?rest_route=\/wp\/v2\/users\/1"}],"replies":[{"embeddable":true,"href":"https:\/\/lamendigapolitica.com\/index.php?rest_route=%2Fwp%2Fv2%2Fcomments&post=81204"}],"version-history":[{"count":1,"href":"https:\/\/lamendigapolitica.com\/index.php?rest_route=\/wp\/v2\/posts\/81204\/revisions"}],"predecessor-version":[{"id":81206,"href":"https:\/\/lamendigapolitica.com\/index.php?rest_route=\/wp\/v2\/posts\/81204\/revisions\/81206"}],"wp:attachment":[{"href":"https:\/\/lamendigapolitica.com\/index.php?rest_route=%2Fwp%2Fv2%2Fmedia&parent=81204"}],"wp:term":[{"taxonomy":"category","embeddable":true,"href":"https:\/\/lamendigapolitica.com\/index.php?rest_route=%2Fwp%2Fv2%2Fcategories&post=81204"},{"taxonomy":"post_tag","embeddable":true,"href":"https:\/\/lamendigapolitica.com\/index.php?rest_route=%2Fwp%2Fv2%2Ftags&post=81204"}],"curies":[{"name":"wp","href":"https:\/\/api.w.org\/{rel}","templated":true}]}}