{"id":81199,"date":"2025-05-31T12:41:42","date_gmt":"2025-05-31T18:41:42","guid":{"rendered":"https:\/\/lamendigapolitica.com\/?p=81199"},"modified":"2025-06-03T12:54:42","modified_gmt":"2025-06-03T18:54:42","slug":"testimonios-del-pasado-presentan-obras-literarias-sobre-la-memoria-vallartense","status":"publish","type":"post","link":"https:\/\/lamendigapolitica.com\/?p=81199","title":{"rendered":"Testimonios del pasado: presentan obras literarias sobre la memoria vallartense"},"content":{"rendered":"<p><img loading=\"lazy\" decoding=\"async\" class=\"aligncenter size-large wp-image-81200\" src=\"https:\/\/lamendigapolitica.com\/wp-content\/uploads\/2025\/06\/COMUNICADO-686-4-1024x682.jpeg\" alt=\"\" width=\"555\" height=\"370\" srcset=\"https:\/\/lamendigapolitica.com\/wp-content\/uploads\/2025\/06\/COMUNICADO-686-4-1024x682.jpeg 1024w, https:\/\/lamendigapolitica.com\/wp-content\/uploads\/2025\/06\/COMUNICADO-686-4-300x200.jpeg 300w, https:\/\/lamendigapolitica.com\/wp-content\/uploads\/2025\/06\/COMUNICADO-686-4-768x512.jpeg 768w, https:\/\/lamendigapolitica.com\/wp-content\/uploads\/2025\/06\/COMUNICADO-686-4-1536x1024.jpeg 1536w, https:\/\/lamendigapolitica.com\/wp-content\/uploads\/2025\/06\/COMUNICADO-686-4-2048x1365.jpeg 2048w, https:\/\/lamendigapolitica.com\/wp-content\/uploads\/2025\/06\/COMUNICADO-686-4-555x370.jpeg 555w\" sizes=\"auto, (max-width: 555px) 100vw, 555px\" \/><\/p>\n<p>\u00b7 Las obras \u201cPuerto Vallarta en Documentos\u201d y \u201cPuerto Vallarta: Perla Engastada en la Bah\u00eda\u201d rescatan la memoria hist\u00f3rica de este emblem\u00e1tico destino.<\/p>\n<p>En el marco del aniversario de Puerto Vallarta, el gobierno del bien que encabeza el alcalde Luis Mungu\u00eda, llev\u00f3 a cabo la presentaci\u00f3n de los libros \u201cPuerto Vallarta en Documentos\u201d y \u201cPuerto Vallarta: Perla Engastada en la Bah\u00eda\u201d, de los autores Juan Manuel G\u00f3mez Encarnaci\u00f3n y Mois\u00e9s Hern\u00e1ndez, en el Patio Central de Presidencia.<!--more--><\/p>\n<p>Durante su intervenci\u00f3n, Mois\u00e9s Hern\u00e1ndez explic\u00f3 que la obra fue el resultado de un extenso proceso de investigaci\u00f3n, an\u00e1lisis y reflexi\u00f3n conjunta con el cronista de la ciudad. Se\u00f1al\u00f3 que los archivos permiten activar la memoria, dignificar el pasado y abrir un di\u00e1logo cr\u00edtico con el presente, representando una valiente tarea de recuperaci\u00f3n hist\u00f3rica.<\/p>\n<p>La directora de Promoci\u00f3n Econ\u00f3mica y Turismo, Alejandra Cornejo, destac\u00f3 que estas publicaciones recogen memorias y una identidad profunda de Puerto Vallarta, fortaleciendo su legado cultural desde la literatura, agradeciendo a los autores por su valiosa contribuci\u00f3n a la historia y el arte del destino.<\/p>\n<p>Por su parte, Guadalupe G\u00f3mez Basulto, titular del Instituto Vallartense de Cultura, subray\u00f3 que estos libros enriquecen la escena literaria local y ampl\u00edan el acceso a la cultura. Finalmente, reconoci\u00f3 el respaldo del alcalde Luis Mungu\u00eda para hacer posible este esfuerzo editorial, que hoy se consolida como un testimonio vivo de la memoria vallartense.<\/p>\n","protected":false},"excerpt":{"rendered":"<p>\u00b7 Las obras \u201cPuerto Vallarta en Documentos\u201d y \u201cPuerto Vallarta: Perla Engastada en la Bah\u00eda\u201d rescatan la memoria hist\u00f3rica de este emblem\u00e1tico destino. En el marco del aniversario de Puerto Vallarta, el gobierno del bien que encabeza el alcalde Luis Mungu\u00eda, llev\u00f3 a cabo la presentaci\u00f3n de los libros \u201cPuerto Vallarta en Documentos\u201d y \u201cPuerto &hellip; <\/p>\n<p><a class=\"more-link btn\" href=\"https:\/\/lamendigapolitica.com\/?p=81199\">Seguir leyendo<\/a><\/p>\n","protected":false},"author":1,"featured_media":0,"comment_status":"open","ping_status":"closed","sticky":false,"template":"","format":"standard","meta":{"footnotes":""},"categories":[42,1,97,26,28,45,20,102,22,103,24],"tags":[],"class_list":["post-81199","post","type-post","status-publish","format-standard","hentry","category-clima","category-columnista","category-comunicacion","category-cultura","category-educacion","category-featured","category-gobierno","category-municipio","category-sociales","category-teatro","category-turismo","item-wrap"],"_links":{"self":[{"href":"https:\/\/lamendigapolitica.com\/index.php?rest_route=\/wp\/v2\/posts\/81199","targetHints":{"allow":["GET"]}}],"collection":[{"href":"https:\/\/lamendigapolitica.com\/index.php?rest_route=\/wp\/v2\/posts"}],"about":[{"href":"https:\/\/lamendigapolitica.com\/index.php?rest_route=\/wp\/v2\/types\/post"}],"author":[{"embeddable":true,"href":"https:\/\/lamendigapolitica.com\/index.php?rest_route=\/wp\/v2\/users\/1"}],"replies":[{"embeddable":true,"href":"https:\/\/lamendigapolitica.com\/index.php?rest_route=%2Fwp%2Fv2%2Fcomments&post=81199"}],"version-history":[{"count":1,"href":"https:\/\/lamendigapolitica.com\/index.php?rest_route=\/wp\/v2\/posts\/81199\/revisions"}],"predecessor-version":[{"id":81201,"href":"https:\/\/lamendigapolitica.com\/index.php?rest_route=\/wp\/v2\/posts\/81199\/revisions\/81201"}],"wp:attachment":[{"href":"https:\/\/lamendigapolitica.com\/index.php?rest_route=%2Fwp%2Fv2%2Fmedia&parent=81199"}],"wp:term":[{"taxonomy":"category","embeddable":true,"href":"https:\/\/lamendigapolitica.com\/index.php?rest_route=%2Fwp%2Fv2%2Fcategories&post=81199"},{"taxonomy":"post_tag","embeddable":true,"href":"https:\/\/lamendigapolitica.com\/index.php?rest_route=%2Fwp%2Fv2%2Ftags&post=81199"}],"curies":[{"name":"wp","href":"https:\/\/api.w.org\/{rel}","templated":true}]}}