{"id":79646,"date":"2024-10-27T12:37:00","date_gmt":"2024-10-27T18:37:00","guid":{"rendered":"https:\/\/lamendigapolitica.com\/?p=79646"},"modified":"2024-11-01T12:37:30","modified_gmt":"2024-11-01T18:37:30","slug":"reportan-en-buen-estado-a-la-yegua-maltratada-en-nuevo-mexico","status":"publish","type":"post","link":"https:\/\/lamendigapolitica.com\/?p=79646","title":{"rendered":"Reportan en buen estado a la yegua maltratada en Nuevo M\u00e9xico"},"content":{"rendered":"<p><img loading=\"lazy\" decoding=\"async\" class=\"aligncenter size-full wp-image-79647\" src=\"https:\/\/lamendigapolitica.com\/blog\/wp-content\/uploads\/2024\/11\/54093339346_99d858cd4c_c.jpg\" alt=\"\" width=\"450\" height=\"800\" srcset=\"https:\/\/lamendigapolitica.com\/wp-content\/uploads\/2024\/11\/54093339346_99d858cd4c_c.jpg 450w, https:\/\/lamendigapolitica.com\/wp-content\/uploads\/2024\/11\/54093339346_99d858cd4c_c-169x300.jpg 169w\" sizes=\"auto, (max-width: 450px) 100vw, 450px\" \/><\/p>\n<p>Las lesiones de la yegua ser\u00e1n atendidas por un especialista para que siga el tratamiento adecuado<\/p>\n<p>La Direcci\u00f3n de Protecci\u00f3n Animal dar\u00e1 seguimiento a denuncia presentada ante la Fiscal\u00eda contra quien resulte responsable de la violencia contra la bestia<\/p>\n<p>La Direcci\u00f3n de Protecci\u00f3n Animal de Zapopan identific\u00f3 a la yegua que aparece en un video difundido en redes sociales que evidencia el maltrato al que fue sometida la bestia de carga en un Lienzo Charro, en la colonia Nuevo M\u00e9xico.<!--more--><\/p>\n<p>Yamile Lotfe, directora de Protecci\u00f3n Animal Zapopan, confirm\u00f3 que la yegua fue identificada por las marcas de la agresi\u00f3n y otras coincidencias propias del animal grabado por vecinos de la zona. El animal ya recibi\u00f3 atenci\u00f3n por las lesiones que presenta.<\/p>\n<p>\u201cLa yegua ya fue localizada, ya se tiene en resguardo de un privado que es quien quiere hacerse cargo de la misma y nosotros, como Protecci\u00f3n Animal, ayudamos a hacer la verificaci\u00f3n que fuera en primer lugar la misma yegua que sale en el video y a poder atender las lesiones que tiene esta yegua, ver qu\u00e9 heridas tiene para ver si se necesita una atenci\u00f3n inmediata, d\u00e1rsela\u201d, detall\u00f3 Yamile.<\/p>\n<p>De acuerdo con los estudios realizados, todas las lesiones que presenta son recientes por lo que no se establece otro tipo de violencia previa en la potra, confirm\u00f3 la directora de Protecci\u00f3n Animal, quien inform\u00f3 que el animal se encuentra en resguardo en un predio privado en Zapopan para seguir la investigaci\u00f3n por maltrato y agregar datos a la denuncia que sigue la Fiscal\u00eda del Estado.<\/p>\n<p>\u201cS\u00ed trae muy lastimado el vientre por los espuelazos que se le dieron. Trae una claudicaci\u00f3n en una de las manos. Entonces ya est\u00e1 la persona privada que se har\u00e1 cargo del resguardo. \u00c9l llevar\u00e1 esta yegua a atenci\u00f3n con un especialista en equinos. Todas estas lesiones son por lo que le estuvo haciendo esta persona durante una hora que se graba este video\u201d, confirm\u00f3.<\/p>\n<p>Con respecto a las heridas, la directora de Protecci\u00f3n Animal confirm\u00f3 que requieren atenci\u00f3n especializada y que podr\u00edan tomar alg\u00fan tiempo para su recuperaci\u00f3n.<\/p>\n<p>\u201cSon de gravedad, ya que hay una claudicaci\u00f3n. No sabemos si hay una fisura en el miembro, en esta mano que est\u00e1 claudicando y bueno, los caballos son animales muy delicados. Entonces, cualquier lesi\u00f3n puede convertirse en algo muy serio. Hay que atenderla con el tratamiento m\u00e9dico adecuado, dar desinflamatorios, dar antibi\u00f3tico por las heridas que tiene, se le tiene que dar un buen ba\u00f1o con tambi\u00e9n garrapaticida, algo para que no vaya a tener insectos que vayan a pegarse en sus heridas\u201d, destac\u00f3 Yamile.<\/p>\n<p>Yamile Lotfe hizo un llamado a las y los ciudadanos a denunciar a trav\u00e9s de los canales de comunicaci\u00f3n directa con las autoridades municipales o estatales y hacerlo apenas las identifiquen, pues esto facilita los procesos legales para la detenci\u00f3n de las personas responsables.<\/p>\n<p>\u201cQue por favor las denuncias se hagan directamente a las autoridades. Si yo estoy viendo un acto de crueldad animal o de maltrato animal, en ese momento puedo hablar a 911 o a los tel\u00e9fonos de emergencia de Protecci\u00f3n Civil y Bomberos y ellos, en conjunto con las direcciones de Protecci\u00f3n Animal vamos a actuar. Para que en ese mismo momento paremos este acto de crueldad, podamos recuperar al animal y darle una atenci\u00f3n inmediata\u201d, confirm\u00f3.<\/p>\n<p>La yegua resguardada tiene entre tres y tres a\u00f1os y medio de edad. Su peso se considera un poco bajo, sin embargo, no es considerado de gravedad, pero s\u00ed se encuentra con otras caracter\u00edsticas de descuido.<\/p>\n<p>La persona que realiz\u00f3 los actos de crueldad animal no ha sido localizada y las sanciones ser\u00e1n determinadas por un juez, de acuerdo con las evidencias recolectadas, estas pueden ir de una multa econ\u00f3mica a prisi\u00f3n.<\/p>\n","protected":false},"excerpt":{"rendered":"<p>Las lesiones de la yegua ser\u00e1n atendidas por un especialista para que siga el tratamiento adecuado La Direcci\u00f3n de Protecci\u00f3n Animal dar\u00e1 seguimiento a denuncia presentada ante la Fiscal\u00eda contra quien resulte responsable de la violencia contra la bestia La Direcci\u00f3n de Protecci\u00f3n Animal de Zapopan identific\u00f3 a la yegua que aparece en un video &hellip; <\/p>\n<p><a class=\"more-link btn\" href=\"https:\/\/lamendigapolitica.com\/?p=79646\">Seguir leyendo<\/a><\/p>\n","protected":false},"author":1,"featured_media":0,"comment_status":"open","ping_status":"closed","sticky":false,"template":"","format":"standard","meta":{"footnotes":""},"categories":[97,43,45,20,102,29,27,22],"tags":[],"class_list":["post-79646","post","type-post","status-publish","format-standard","hentry","category-comunicacion","category-ecologia","category-featured","category-gobierno","category-municipio","category-salud","category-seguridad","category-sociales","item-wrap"],"_links":{"self":[{"href":"https:\/\/lamendigapolitica.com\/index.php?rest_route=\/wp\/v2\/posts\/79646","targetHints":{"allow":["GET"]}}],"collection":[{"href":"https:\/\/lamendigapolitica.com\/index.php?rest_route=\/wp\/v2\/posts"}],"about":[{"href":"https:\/\/lamendigapolitica.com\/index.php?rest_route=\/wp\/v2\/types\/post"}],"author":[{"embeddable":true,"href":"https:\/\/lamendigapolitica.com\/index.php?rest_route=\/wp\/v2\/users\/1"}],"replies":[{"embeddable":true,"href":"https:\/\/lamendigapolitica.com\/index.php?rest_route=%2Fwp%2Fv2%2Fcomments&post=79646"}],"version-history":[{"count":1,"href":"https:\/\/lamendigapolitica.com\/index.php?rest_route=\/wp\/v2\/posts\/79646\/revisions"}],"predecessor-version":[{"id":79648,"href":"https:\/\/lamendigapolitica.com\/index.php?rest_route=\/wp\/v2\/posts\/79646\/revisions\/79648"}],"wp:attachment":[{"href":"https:\/\/lamendigapolitica.com\/index.php?rest_route=%2Fwp%2Fv2%2Fmedia&parent=79646"}],"wp:term":[{"taxonomy":"category","embeddable":true,"href":"https:\/\/lamendigapolitica.com\/index.php?rest_route=%2Fwp%2Fv2%2Fcategories&post=79646"},{"taxonomy":"post_tag","embeddable":true,"href":"https:\/\/lamendigapolitica.com\/index.php?rest_route=%2Fwp%2Fv2%2Ftags&post=79646"}],"curies":[{"name":"wp","href":"https:\/\/api.w.org\/{rel}","templated":true}]}}