{"id":79639,"date":"2024-10-25T20:33:10","date_gmt":"2024-10-26T02:33:10","guid":{"rendered":"https:\/\/lamendigapolitica.com\/?p=79639"},"modified":"2024-10-26T20:39:35","modified_gmt":"2024-10-27T02:39:35","slug":"dario-castillejos-sera-reconocido-con-el-homenaje-de-caricatura-la-catrina-de-la-fil","status":"publish","type":"post","link":"https:\/\/lamendigapolitica.com\/?p=79639","title":{"rendered":"Dar\u00edo Castillejos ser\u00e1 reconocido con el Homenaje de Caricatura La Catrina de la FIL"},"content":{"rendered":"<p><img loading=\"lazy\" decoding=\"async\" class=\"aligncenter wp-image-79640 size-medium\" src=\"https:\/\/lamendigapolitica.com\/blog\/wp-content\/uploads\/2024\/10\/GahUzR5WMAA1tVH-166x300.jpeg\" alt=\"\" width=\"166\" height=\"300\" srcset=\"https:\/\/lamendigapolitica.com\/wp-content\/uploads\/2024\/10\/GahUzR5WMAA1tVH-166x300.jpeg 166w, https:\/\/lamendigapolitica.com\/wp-content\/uploads\/2024\/10\/GahUzR5WMAA1tVH-565x1024.jpeg 565w, https:\/\/lamendigapolitica.com\/wp-content\/uploads\/2024\/10\/GahUzR5WMAA1tVH-768x1391.jpeg 768w, https:\/\/lamendigapolitica.com\/wp-content\/uploads\/2024\/10\/GahUzR5WMAA1tVH-848x1536.jpeg 848w, https:\/\/lamendigapolitica.com\/wp-content\/uploads\/2024\/10\/GahUzR5WMAA1tVH-1130x2048.jpeg 1130w, https:\/\/lamendigapolitica.com\/wp-content\/uploads\/2024\/10\/GahUzR5WMAA1tVH-555x1005.jpeg 555w, https:\/\/lamendigapolitica.com\/wp-content\/uploads\/2024\/10\/GahUzR5WMAA1tVH.jpeg 1200w\" sizes=\"auto, (max-width: 166px) 100vw, 166px\" \/><\/p>\n<p>Por su inventiva y su cr\u00edtica social en su trabajo que preserva la identidad cultural y art\u00edstica de Oaxaca y M\u00e9xico, as\u00ed como sus aportes en los \u00e1mbitos del periodismo y la comunicaci\u00f3n en temas de conciencia social, pol\u00edtica y discriminaci\u00f3n<\/p>\n<p>Por su inventiva y su cr\u00edtica social en su trabajo que preserva la identidad cultural y art\u00edstica de Oaxaca y M\u00e9xico, Dar\u00edo Castillejos recibir\u00e1 el Homenaje de Caricatura La Catrina 2024 que otorga la Feria Internacional del Libro de Guadalajara (FIL) y el Centro Universitario de Arte, Arquitectura y Dise\u00f1o (CUAAD). Adem\u00e1s del esmero que existe en su obra, se destacan sus aportes a nuestro pa\u00eds en los \u00e1mbitos del periodismo y la comunicaci\u00f3n en temas de conciencia social, pol\u00edtica y discriminaci\u00f3n. Este homenaje se realizar\u00e1 el s\u00e1bado 7 de diciembre, en el Auditorio Juan Rulfo.<!--more--><\/p>\n<p>Lo anterior se dio a conocer en una conferencia de prensa realizada la ma\u00f1ana de este martes, que estuvo presidida por Francisco Javier Gonz\u00e1lez Madariaga, rector del CUAAD, y Eduardo Galindo Flores, jefe del Departamento de Proyectos de Comunicaci\u00f3n de este centro universitario. Durante su participaci\u00f3n, el rector del CUAAD, Gonz\u00e1lez Madariaga, destac\u00f3 que la t\u00e9cnica del \u201chomenajeado es de una exquisitez \u00fanica que ustedes podr\u00e1n atestiguar\u201d. Asimismo, se refiri\u00f3 a Dar\u00edo Castillejos como el \u201cheredero de un legado de la vieja escuela de grabado que maestros como Francisco Toledo han forjado desde tiempo atr\u00e1s\u201d.<\/p>\n<p>Por su parte, Dar\u00edo Castillejos (M\u00e9xico, 1974) se enlaz\u00f3 por medio de una videollamada y declar\u00f3 sentirse honrado por recibir este homenaje y formar parte de \u201cla fila de personalidades legendarias en la caricatura y el humor\u201d que han recibido este reconocimiento y de los cuales, dijo, \u201cdesde luego tengo escuela e influencia. Tuve la oportunidad de conocer a varios de los premiados, y es un honor estar en esa fila de grandes dibujantes a los que quiero y admiro tanto\u201d, subray\u00f3.<\/p>\n<p>Dar\u00edo Castillejos es presidente de Cartonclub, \u201cEl club de la caricatura latina\u201d; colaborador del peri\u00f3dico El Imparcial de Oaxaca, la revista Foreign Affairs Latinoam\u00e9rica y el semanario El Chamuco. Ha sido merecedor de diversos reconocimientos nacionales como los premios Estatal de Periodismo e Informaci\u00f3n Benito Ju\u00e1rez Garc\u00eda, Nacional de Periodismo Jos\u00e9 Pag\u00e9s Llergo, Nacional Rostros de la Discriminaci\u00f3n Gilberto Rinc\u00f3n Gallardo y el Grand Prix, entre otros. Su trabajo ha sido publicado en diarios como Le Monde, La Temps, The Nation y The New York Times, as\u00ed como en las agencias Cagle Cartoons, Cartonclub, Courrier International, Cartoon Movement y Cartooning for Peace.<\/p>\n<p>&nbsp;<\/p>\n<p>El Homenaje de Caricatura La Catrina es un reconocimiento otorgado por la FIL Guadalajara y el CUAAD a destacados caricaturistas y artistas gr\u00e1ficos. Establecido en 2002, este homenaje se inspira en la figura de La Catrina, creada por el grabador mexicano Jos\u00e9 Guadalupe Posada, un s\u00edmbolo ic\u00f3nico de la cultura mexicana y su relaci\u00f3n con la muerte. El homenaje destaca la trayectoria y el impacto de los artistas en la sociedad, especialmente por su contribuci\u00f3n a la cr\u00edtica pol\u00edtica, la reflexi\u00f3n social y el humor en medios impresos y digitales. Adriana Mosquera Soto, Nani, Gabriel Vargas, Eduardo del R\u00edo, Rius, Joaqu\u00edn Salvador Lavado, Quino, Sergio Aragon\u00e9s, Jos\u00e9 Trinidad Camacho, Trino, o Juan Mat\u00edas Loiseau, Tute, son algunos de los que han sido homenajeados.<\/p>\n","protected":false},"excerpt":{"rendered":"<p>Por su inventiva y su cr\u00edtica social en su trabajo que preserva la identidad cultural y art\u00edstica de Oaxaca y M\u00e9xico, as\u00ed como sus aportes en los \u00e1mbitos del periodismo y la comunicaci\u00f3n en temas de conciencia social, pol\u00edtica y discriminaci\u00f3n Por su inventiva y su cr\u00edtica social en su trabajo que preserva la identidad &hellip; <\/p>\n<p><a class=\"more-link btn\" href=\"https:\/\/lamendigapolitica.com\/?p=79639\">Seguir leyendo<\/a><\/p>\n","protected":false},"author":1,"featured_media":0,"comment_status":"open","ping_status":"closed","sticky":false,"template":"","format":"standard","meta":{"footnotes":""},"categories":[101,1,97,26,28,36,45,31,22,41,106],"tags":[],"class_list":["post-79639","post","type-post","status-publish","format-standard","hentry","category-cine","category-columnista","category-comunicacion","category-cultura","category-educacion","category-espectaculos","category-featured","category-internacional","category-sociales","category-tecnologia","category-universidad","item-wrap"],"_links":{"self":[{"href":"https:\/\/lamendigapolitica.com\/index.php?rest_route=\/wp\/v2\/posts\/79639","targetHints":{"allow":["GET"]}}],"collection":[{"href":"https:\/\/lamendigapolitica.com\/index.php?rest_route=\/wp\/v2\/posts"}],"about":[{"href":"https:\/\/lamendigapolitica.com\/index.php?rest_route=\/wp\/v2\/types\/post"}],"author":[{"embeddable":true,"href":"https:\/\/lamendigapolitica.com\/index.php?rest_route=\/wp\/v2\/users\/1"}],"replies":[{"embeddable":true,"href":"https:\/\/lamendigapolitica.com\/index.php?rest_route=%2Fwp%2Fv2%2Fcomments&post=79639"}],"version-history":[{"count":1,"href":"https:\/\/lamendigapolitica.com\/index.php?rest_route=\/wp\/v2\/posts\/79639\/revisions"}],"predecessor-version":[{"id":79641,"href":"https:\/\/lamendigapolitica.com\/index.php?rest_route=\/wp\/v2\/posts\/79639\/revisions\/79641"}],"wp:attachment":[{"href":"https:\/\/lamendigapolitica.com\/index.php?rest_route=%2Fwp%2Fv2%2Fmedia&parent=79639"}],"wp:term":[{"taxonomy":"category","embeddable":true,"href":"https:\/\/lamendigapolitica.com\/index.php?rest_route=%2Fwp%2Fv2%2Fcategories&post=79639"},{"taxonomy":"post_tag","embeddable":true,"href":"https:\/\/lamendigapolitica.com\/index.php?rest_route=%2Fwp%2Fv2%2Ftags&post=79639"}],"curies":[{"name":"wp","href":"https:\/\/api.w.org\/{rel}","templated":true}]}}