{"id":79626,"date":"2024-10-21T21:44:37","date_gmt":"2024-10-22T03:44:37","guid":{"rendered":"https:\/\/lamendigapolitica.com\/?p=79626"},"modified":"2024-10-22T21:53:20","modified_gmt":"2024-10-23T03:53:20","slug":"homenajean-y-develan-escultura-del-licenciado-raul-padilla-lopez","status":"publish","type":"post","link":"https:\/\/lamendigapolitica.com\/?p=79626","title":{"rendered":"Homenajean y develan escultura del licenciado Ra\u00fal Padilla L\u00f3pez"},"content":{"rendered":"<p><img loading=\"lazy\" decoding=\"async\" class=\"aligncenter size-full wp-image-79627\" src=\"https:\/\/lamendigapolitica.com\/blog\/wp-content\/uploads\/2024\/10\/44.jpg\" alt=\"\" width=\"1147\" height=\"789\" srcset=\"https:\/\/lamendigapolitica.com\/wp-content\/uploads\/2024\/10\/44.jpg 1147w, https:\/\/lamendigapolitica.com\/wp-content\/uploads\/2024\/10\/44-300x206.jpg 300w, https:\/\/lamendigapolitica.com\/wp-content\/uploads\/2024\/10\/44-1024x704.jpg 1024w, https:\/\/lamendigapolitica.com\/wp-content\/uploads\/2024\/10\/44-768x528.jpg 768w, https:\/\/lamendigapolitica.com\/wp-content\/uploads\/2024\/10\/44-555x382.jpg 555w\" sizes=\"auto, (max-width: 1147px) 100vw, 1147px\" \/><\/p>\n<p>Cientos de universitarios resaltaron sus mayores logros, como la Red Universitaria y la FIL Guadalajara, en uno de los mayores recintos culturales de Jalisco, el CCU<\/p>\n<p>A la mente colectiva, al visionario y al formador de personas, esta Casa de Estudio, por medio de la Fundaci\u00f3n UDG, rindi\u00f3 un homenaje al licenciado Ra\u00fal Padilla L\u00f3pez en el Centro Cultural Universitario (CCU), por su liderazgo en la construcci\u00f3n de instituciones y su compromiso con la educaci\u00f3n, la cultura, las artes y las ideas.<!--more--><\/p>\n<p>El Rector General, doctor Ricardo Villanueva Lomel\u00ed, celebr\u00f3 a la persona de Ra\u00fal Padilla, de quien dijo ha sido la mente m\u00e1s privilegiada y colectiva de la historia de la universidad, una figura inteligente que siempre busc\u00f3 ideas para consolidar a esta instituci\u00f3n.<\/p>\n<p>\u201cEl licenciado Ra\u00fal Padilla fue una mente brillante y colectiva; una mente abierta a escuchar siempre; amante de las buenas ideas, valoraba la inteligencia. Si en su agenda ten\u00eda compromisos con pol\u00edticos o intelectuales, siempre prioriz\u00f3 a los \u00faltimos\u201d, declar\u00f3.<\/p>\n<p>Para Villanueva Lomel\u00ed, Ra\u00fal Padilla siempre tuvo puesta la mirada en el futuro, en la construcci\u00f3n de proyectos y recintos de primer nivel y con una visi\u00f3n a largo plazo.<\/p>\n<p>\u201c\u00c9l logr\u00f3 construir cosas como este tipo de teatros, que son obras colectivas porque a los universitarios del momento nos consta los trabajos arduos para terminarlo. \u00c9l construy\u00f3 con visi\u00f3n a largo plazo y dej\u00f3 tareas que, lo supo, no le tocar\u00eda terminarlas, ni cortar\u00eda el list\u00f3n, pero que quedar\u00edan para los futuros universitarios y la sociedad\u201d, expres\u00f3.<\/p>\n<p>El Presidente de la Fundaci\u00f3n UDG, maestro Jos\u00e9 Trinidad Padilla L\u00f3pez, tambi\u00e9n celebr\u00f3 el legado de Ra\u00fal Padilla, cuya principal obra es la creaci\u00f3n de la Red Universitaria, que acerc\u00f3 la educaci\u00f3n media superior y superior a todo el territorio jalisciense.<\/p>\n<p>&nbsp;<\/p>\n<p>\u201cTu efigie quedar\u00e1 enraizada como un faro permanente de esta comunidad universitaria y como recordatorio de la obra; para honrar y seguir tu legado como un universitario digno, que impuls\u00f3 con el ejemplo y bajo el lema de la UdeG: Piensa y Trabaja\u201d, subray\u00f3.<\/p>\n<p>&nbsp;<\/p>\n<p>Entre sus obras m\u00e1s relevantes figuran la creaci\u00f3n de la Fundaci\u00f3n UDG, la Feria Internacional del Libro de Guadalajara, el Festival Internacional de Cine en Guadalajara, el Festival Papirolas, el Festival Internacional de la M\u00fasica y el Centro Cultural Universitario.<\/p>\n<p>&nbsp;<\/p>\n<p>El Director Ejecutivo de la Fundaci\u00f3n UdeG, maestro C\u00e9sar Omar Avil\u00e9s Gonz\u00e1lez, destac\u00f3 a Ra\u00fal Padilla como un maestro y mentor, quien impuls\u00f3, por medio de un m\u00e9todo formativo, la pasi\u00f3n y excelencia, valores que imprimi\u00f3 en la formaci\u00f3n de personas y en su trabajo.<\/p>\n<p>&nbsp;<\/p>\n<p>\u201cDedicamos este homenaje a este personaje excepcional; que su imagen que se devela siga inspirando a muchas generaciones como ese modelo de pasi\u00f3n y excelencia, y que ese legado se siga fortaleciendo y ampliando para transformar vidas\u201d, dijo.<\/p>\n<p>&nbsp;<\/p>\n<p>Develan escultura de Ra\u00fal Padilla<\/p>\n<p>Autoridades de la UdeG, develaron, a un lado del Conjunto Santander de Artes Esc\u00e9nicas del Centro Cultural Universitario, la escultura del l\u00edder universitario, obra de Rub\u00e9n Orozco Loza; se trata de una efigie de dos metros de altura y 186.5 kilogramos. La obra fue un encargo al artista quien, a partir de la muerte de Ra\u00fal Padilla, analiz\u00f3 m\u00e1s de 2 mil fotograf\u00edas y material audiovisual para lograr un efecto h\u00edperrealista.<\/p>\n<p>&nbsp;<\/p>\n<p>La ejecuci\u00f3n de la escultura le tom\u00f3 14 meses, de los cuales uno fue para el modelado del rostro y quince d\u00edas en el perfeccionamiento de la mirada, rasgo caracter\u00edstico que refleja su esencia. El autor es egresado de la licenciatura en Artes Visuales con orientaci\u00f3n en escultura, de la UdeG.<\/p>\n<p>&nbsp;<\/p>\n","protected":false},"excerpt":{"rendered":"<p>Cientos de universitarios resaltaron sus mayores logros, como la Red Universitaria y la FIL Guadalajara, en uno de los mayores recintos culturales de Jalisco, el CCU A la mente colectiva, al visionario y al formador de personas, esta Casa de Estudio, por medio de la Fundaci\u00f3n UDG, rindi\u00f3 un homenaje al licenciado Ra\u00fal Padilla L\u00f3pez &hellip; <\/p>\n<p><a class=\"more-link btn\" href=\"https:\/\/lamendigapolitica.com\/?p=79626\">Seguir leyendo<\/a><\/p>\n","protected":false},"author":1,"featured_media":0,"comment_status":"open","ping_status":"closed","sticky":false,"template":"","format":"standard","meta":{"footnotes":""},"categories":[101,1,97,26,28,45,3,22,106],"tags":[],"class_list":["post-79626","post","type-post","status-publish","format-standard","hentry","category-cine","category-columnista","category-comunicacion","category-cultura","category-educacion","category-featured","category-politica","category-sociales","category-universidad","item-wrap"],"_links":{"self":[{"href":"https:\/\/lamendigapolitica.com\/index.php?rest_route=\/wp\/v2\/posts\/79626","targetHints":{"allow":["GET"]}}],"collection":[{"href":"https:\/\/lamendigapolitica.com\/index.php?rest_route=\/wp\/v2\/posts"}],"about":[{"href":"https:\/\/lamendigapolitica.com\/index.php?rest_route=\/wp\/v2\/types\/post"}],"author":[{"embeddable":true,"href":"https:\/\/lamendigapolitica.com\/index.php?rest_route=\/wp\/v2\/users\/1"}],"replies":[{"embeddable":true,"href":"https:\/\/lamendigapolitica.com\/index.php?rest_route=%2Fwp%2Fv2%2Fcomments&post=79626"}],"version-history":[{"count":1,"href":"https:\/\/lamendigapolitica.com\/index.php?rest_route=\/wp\/v2\/posts\/79626\/revisions"}],"predecessor-version":[{"id":79628,"href":"https:\/\/lamendigapolitica.com\/index.php?rest_route=\/wp\/v2\/posts\/79626\/revisions\/79628"}],"wp:attachment":[{"href":"https:\/\/lamendigapolitica.com\/index.php?rest_route=%2Fwp%2Fv2%2Fmedia&parent=79626"}],"wp:term":[{"taxonomy":"category","embeddable":true,"href":"https:\/\/lamendigapolitica.com\/index.php?rest_route=%2Fwp%2Fv2%2Fcategories&post=79626"},{"taxonomy":"post_tag","embeddable":true,"href":"https:\/\/lamendigapolitica.com\/index.php?rest_route=%2Fwp%2Fv2%2Ftags&post=79626"}],"curies":[{"name":"wp","href":"https:\/\/api.w.org\/{rel}","templated":true}]}}