{"id":79623,"date":"2024-10-20T21:43:03","date_gmt":"2024-10-21T03:43:03","guid":{"rendered":"https:\/\/lamendigapolitica.com\/?p=79623"},"modified":"2024-10-22T21:43:21","modified_gmt":"2024-10-23T03:43:21","slug":"carrera-leones-negros-rompe-record-de-asistentes-en-su-octava-edicion","status":"publish","type":"post","link":"https:\/\/lamendigapolitica.com\/?p=79623","title":{"rendered":"Carrera Leones Negros rompe r\u00e9cord de asistentes en su octava edici\u00f3n"},"content":{"rendered":"<p>&nbsp;<\/p>\n<p><img loading=\"lazy\" decoding=\"async\" class=\"aligncenter size-full wp-image-79624\" src=\"https:\/\/lamendigapolitica.com\/blog\/wp-content\/uploads\/2024\/10\/leones.jpg\" alt=\"\" width=\"1182\" height=\"791\" srcset=\"https:\/\/lamendigapolitica.com\/wp-content\/uploads\/2024\/10\/leones.jpg 1182w, https:\/\/lamendigapolitica.com\/wp-content\/uploads\/2024\/10\/leones-300x201.jpg 300w, https:\/\/lamendigapolitica.com\/wp-content\/uploads\/2024\/10\/leones-1024x685.jpg 1024w, https:\/\/lamendigapolitica.com\/wp-content\/uploads\/2024\/10\/leones-768x514.jpg 768w, https:\/\/lamendigapolitica.com\/wp-content\/uploads\/2024\/10\/leones-555x371.jpg 555w\" sizes=\"auto, (max-width: 1182px) 100vw, 1182px\" \/><\/p>\n<p>Con la participaci\u00f3n de 11 mil corredoras y corredores inscritos, la octava edici\u00f3n de la carrera m\u00e1s grande de Jalisco, super\u00f3 su n\u00famero de competidores en comparaci\u00f3n con el a\u00f1o 2023<\/p>\n<p>En punto de las 6 de la ma\u00f1ana, los competidores ya se encontraban posicionados sobre la avenida Ju\u00e1rez, listos para pisar la l\u00ednea de salida ubicada frente al edificio de la Rector\u00eda General de la Universidad de Guadalajara.<!--more--><\/p>\n<p>Pocos minutos antes del banderazo de salida, el doctor Ricardo Villanueva Lomel\u00ed, Rector General de la Universidad de Guadalajara, agradeci\u00f3 a los competidores su participaci\u00f3n y su entrega al unirse en esta octava edici\u00f3n, adem\u00e1s, declar\u00f3 que la \u201cCarrera Leones Negros\u201d es la m\u00e1s grande de todo Jalisco, extendiendo cada vez m\u00e1s el n\u00famero de participantes a\u00f1o con a\u00f1o.<\/p>\n<p>La categor\u00eda 10k \u201cAbsoluta Varonil\u201d, fue dominada por Omar Alfredo V\u00e1zquez, quien obtuvo un tiempo oficial de 32 minutos con 17 segundos. Mientras que en los 10k \u201cAbsoluto femenil\u201d con un tiempo de 40 minutos 58 segundos, la campeona fue Jennifer Michel Balvanera Robles.<\/p>\n<p>En el contingente \u201cInter Universitario\u201d que recorri\u00f3 10k, se premi\u00f3 en tercer lugar a Diego Javier \u00c1ngeles y Mariana Sarah\u00ed G\u00f3mez, ambos representantes del Centro Universitario de Arte, Arquitectura y Dise\u00f1o, en un tiempo conjunto de 1 hora con 21 minutos. En segundo lugar, Joseline Atziri Madrigal Robles y Noe Romero Ch\u00e1vez, quienes en tiempo conjunto lograron 1 hora con 19 minutos, representando al Centro Universitario de Ciencias de la Salud, mientras que el primer puesto se lo llevaron alumnos del Centro Universitario del Sur, Geyni Iztlacihuatl Garc\u00eda Alonso y Joaquin Iv\u00e1n Oregel S\u00e1nchez, quienes lograron el tiempo de 1 hora 17 minutos.<\/p>\n<p>&nbsp;<\/p>\n<p>En esta edici\u00f3n, se contaron con cinco bloques de corredores, entre los que resaltaron las categor\u00edas \u201cB1 y B2\u201d, quienes inclu\u00edan entre sus participantes a personas en silla de ruedas, d\u00e9biles visuales o ciegos totales, donde el competidor Jaime G\u00f3mez Castillo, se llev\u00f3 el primer lugar luego de recorrer 5k en silla de ruedas en tan solo 25 minutos con 14 segundos. Mientras que en la categor\u00eda femenina, Ana Lilia Z\u00fa\u00f1iga Cornejo consigui\u00f3 el podio ganador tras recorrer 5k en silla de ruedas en 39 minutos con 4 segundos.<\/p>\n<p>&nbsp;<\/p>\n<p>Leones con historia<\/p>\n<p>&nbsp;<\/p>\n<p>Al finalizar la carrera, varios competidores, desde los peque\u00f1os felinos hasta los m\u00e1s grandes de la manada, compartieron sus historias y motivaciones para correr el d\u00eda de hoy, tal es el caso de Mateo Sahid, un ni\u00f1o de 11 a\u00f1os de edad que se anim\u00f3 a competir en la categor\u00eda de los 5k:<\/p>\n<p>\u201cDecid\u00ed correr por invitaci\u00f3n de mi t\u00eda y por motivaci\u00f3n de mis primas y hermanas. Fue una experiencia que me hizo sentir muy completo y feliz, sin duda volver\u00eda a participar el pr\u00f3ximo a\u00f1o\u201d<\/p>\n<p>&nbsp;<\/p>\n<p>De igual manera, es bien sabido que en manada se corre mejor, por eso, el matrimonio compuesto por Rub\u00e9n y Edith, decidi\u00f3 participar en el contingente de 5k en la Carrera Leones Negros:<\/p>\n<p>\u201cEs el primer a\u00f1o que corrimos juntos y la verdad fue una experiencia muy divertida y enriquecedora, sin duda volveremos a asistir en la pr\u00f3xima edici\u00f3n\u201d<\/p>\n<p>&nbsp;<\/p>\n<p>Y una vez m\u00e1s, la Carrera Leones Negros cont\u00f3 con la participaci\u00f3n de Don Sim\u00f3n Canela Magall\u00f3n, quien comenz\u00f3 con su pasi\u00f3n por el atletismo a los 82 a\u00f1os de edad y hoy, con 102 a\u00f1os, logr\u00f3 completar la carrera de 5k y pos\u00f3 ante las c\u00e1maras con su medalla y una enorme sonrisa.<\/p>\n<p>&nbsp;<\/p>\n","protected":false},"excerpt":{"rendered":"<p>&nbsp; Con la participaci\u00f3n de 11 mil corredoras y corredores inscritos, la octava edici\u00f3n de la carrera m\u00e1s grande de Jalisco, super\u00f3 su n\u00famero de competidores en comparaci\u00f3n con el a\u00f1o 2023 En punto de las 6 de la ma\u00f1ana, los competidores ya se encontraban posicionados sobre la avenida Ju\u00e1rez, listos para pisar la l\u00ednea &hellip; <\/p>\n<p><a class=\"more-link btn\" href=\"https:\/\/lamendigapolitica.com\/?p=79623\">Seguir leyendo<\/a><\/p>\n","protected":false},"author":1,"featured_media":0,"comment_status":"open","ping_status":"closed","sticky":false,"template":"","format":"standard","meta":{"footnotes":""},"categories":[42,97,23,28,22,106],"tags":[],"class_list":["post-79623","post","type-post","status-publish","format-standard","hentry","category-clima","category-comunicacion","category-deportes","category-educacion","category-sociales","category-universidad","item-wrap"],"_links":{"self":[{"href":"https:\/\/lamendigapolitica.com\/index.php?rest_route=\/wp\/v2\/posts\/79623","targetHints":{"allow":["GET"]}}],"collection":[{"href":"https:\/\/lamendigapolitica.com\/index.php?rest_route=\/wp\/v2\/posts"}],"about":[{"href":"https:\/\/lamendigapolitica.com\/index.php?rest_route=\/wp\/v2\/types\/post"}],"author":[{"embeddable":true,"href":"https:\/\/lamendigapolitica.com\/index.php?rest_route=\/wp\/v2\/users\/1"}],"replies":[{"embeddable":true,"href":"https:\/\/lamendigapolitica.com\/index.php?rest_route=%2Fwp%2Fv2%2Fcomments&post=79623"}],"version-history":[{"count":1,"href":"https:\/\/lamendigapolitica.com\/index.php?rest_route=\/wp\/v2\/posts\/79623\/revisions"}],"predecessor-version":[{"id":79625,"href":"https:\/\/lamendigapolitica.com\/index.php?rest_route=\/wp\/v2\/posts\/79623\/revisions\/79625"}],"wp:attachment":[{"href":"https:\/\/lamendigapolitica.com\/index.php?rest_route=%2Fwp%2Fv2%2Fmedia&parent=79623"}],"wp:term":[{"taxonomy":"category","embeddable":true,"href":"https:\/\/lamendigapolitica.com\/index.php?rest_route=%2Fwp%2Fv2%2Fcategories&post=79623"},{"taxonomy":"post_tag","embeddable":true,"href":"https:\/\/lamendigapolitica.com\/index.php?rest_route=%2Fwp%2Fv2%2Ftags&post=79623"}],"curies":[{"name":"wp","href":"https:\/\/api.w.org\/{rel}","templated":true}]}}